{"id":41184,"date":"2018-10-19T09:31:07","date_gmt":"2018-10-19T08:31:07","guid":{"rendered":"http:\/\/carfree.fr\/?p=41184"},"modified":"2018-10-19T13:44:18","modified_gmt":"2018-10-19T12:44:18","slug":"colloque-wallonie-pietonne","status":"publish","type":"post","link":"https:\/\/carfree.fr\/index.php\/2018\/10\/19\/colloque-wallonie-pietonne\/","title":{"rendered":"Colloque Wallonie Pi\u00e9tonne"},"content":{"rendered":"<p>Pour la premi\u00e8re fois en Wallonie (Belgique), le pi\u00e9ton sera au centre des discussions dans un colloque qui lui sera totalement d\u00e9di\u00e9. <!--more--><\/p>\n<p>Nous sommes tous pi\u00e9tons \u00e0 un moment donn\u00e9 de notre vie. Pourtant la s\u00e9curit\u00e9 et le confort de ce mode de transport universel sont fort peu au centre des pr\u00e9occupations.<\/p>\n<p>Rejoignez nous ce 23 octobre 2018 \u00e0 la Bourse de Namur pour le premier colloque pi\u00e9ton en Wallonie: d\u00e9bats interactifs le matin et ateliers de terrain l\u2019apr\u00e8s midi. Inscription obligatoire.<\/p>\n<p><strong>Th\u00e8mes des ateliers en salle\t<\/strong><\/p>\n<p>Accessibilit\u00e9 aux espaces publics avec la Ville de Li\u00e8ge<br \/>\nAmbiance et paysage avec le Master Urba de Li\u00e8ge (ULg)<br \/>\nMobilit\u00e9 scolaire (freins et solutions) avec Cellule EMSR de la DGO2, le P\u00e9dibus de Malonne, la Ville de Durbuy et Bruxelles Mobilit\u00e9<\/p>\n<p><strong>Th\u00e8mes des ateliers sur le terrain<\/strong><\/p>\n<p>Diagnostic Api\u00e9 (Accessibilit\u00e9 Pi\u00e9tonne) avec Sentiers.be<br \/>\nMarche sportive \/ Marche nordique avec D\u00e9cathlon Namur<br \/>\nMarche exploratoire: observations des espaces publics avec une analyse de genre avec Garance ASBL<\/p>\n<p><a href=\"http:\/\/www.sentiers.be\/colloque-wallonie-pietonne\/\" rel=\"noopener\" target=\"_blank\">http:\/\/www.sentiers.be\/colloque-wallonie-pietonne\/<\/a><\/p>\n","protected":false},"excerpt":{"rendered":"<p>Pour la premi\u00e8re fois en Wallonie (Belgique), le pi\u00e9ton sera au centre des discussions dans un colloque qui lui sera totalement d\u00e9di\u00e9.<\/p>\n","protected":false},"author":1390,"featured_media":41185,"comment_status":"open","ping_status":"closed","sticky":false,"template":"","format":"standard","meta":[],"categories":[4,9],"tags":[171,463,370,774,135,541,101],"views":4256,"_links":{"self":[{"href":"https:\/\/carfree.fr\/index.php\/wp-json\/wp\/v2\/posts\/41184"}],"collection":[{"href":"https:\/\/carfree.fr\/index.php\/wp-json\/wp\/v2\/posts"}],"about":[{"href":"https:\/\/carfree.fr\/index.php\/wp-json\/wp\/v2\/types\/post"}],"author":[{"embeddable":true,"href":"https:\/\/carfree.fr\/index.php\/wp-json\/wp\/v2\/users\/1390"}],"replies":[{"embeddable":true,"href":"https:\/\/carfree.fr\/index.php\/wp-json\/wp\/v2\/comments?post=41184"}],"version-history":[{"count":0,"href":"https:\/\/carfree.fr\/index.php\/wp-json\/wp\/v2\/posts\/41184\/revisions"}],"wp:featuredmedia":[{"embeddable":true,"href":"https:\/\/carfree.fr\/index.php\/wp-json\/wp\/v2\/media\/41185"}],"wp:attachment":[{"href":"https:\/\/carfree.fr\/index.php\/wp-json\/wp\/v2\/media?parent=41184"}],"wp:term":[{"taxonomy":"category","embeddable":true,"href":"https:\/\/carfree.fr\/index.php\/wp-json\/wp\/v2\/categories?post=41184"},{"taxonomy":"post_tag","embeddable":true,"href":"https:\/\/carfree.fr\/index.php\/wp-json\/wp\/v2\/tags?post=41184"}],"curies":[{"name":"wp","href":"https:\/\/api.w.org\/{rel}","templated":true}]}}