{"id":41290,"date":"2018-11-05T08:59:08","date_gmt":"2018-11-05T07:59:08","guid":{"rendered":"http:\/\/carfree.fr\/?p=41290"},"modified":"2018-11-05T08:59:08","modified_gmt":"2018-11-05T07:59:08","slug":"qui-sont-les-deux-cyclistes-de-montpellier","status":"publish","type":"post","link":"https:\/\/carfree.fr\/index.php\/2018\/11\/05\/qui-sont-les-deux-cyclistes-de-montpellier\/","title":{"rendered":"Qui sont les deux cyclistes de Montpellier?"},"content":{"rendered":"<p>Alors qu\u2019on l\u2019interrogeait il y a quelques jours sur le manque d\u2019am\u00e9nagements cyclables \u00e0 Montpellier, Monsieur Philippe Saurel, pr\u00e9sident de la 12\u00e8me m\u00e9tropole fran\u00e7aise a r\u00e9pondu qu\u2019il est inutile d\u2019en r\u00e9aliser \u00ab\u00a0<em>pour seulement deux personnes<\/em>.\u00a0\u00bb <!--more--><\/p>\n<p>Depuis 2014, le v\u00e9lo est \u00e0 l\u2019arr\u00eat \u00e0 Montpellier. Aucun objectif, aucun budget, aucune r\u00e9alisation. Certains ont pu penser qu\u2019il s\u2019agissait l\u00e0 d\u2019une n\u00e9gligence. Il n\u2019en est rien. L\u2019absence d\u2019investissement pour le v\u00e9lo \u00e0 Montpellier est un choix politique. Un choix assum\u00e9.<\/p>\n<p>Car pour Philippe Saurel, cr\u00e9er des pistes cyclables ne sert \u00e0 rien. C\u2019est ce qu\u2019il vient de d\u00e9clarer <a href=\"https:\/\/france3-regions.francetvinfo.fr\/occitanie\/herault\/montpellier\/castries-nouvelle-route-piste-cyclable-inauguree-velo-1562180.html?fbclid=IwAR1YXKZdfpC8jQiU8Qn-TaEckoX6y-6qUeUmakWp8Wo1qx4lwTZtPaODc-A\" rel=\"noopener\" target=\"_blank\">au micro de France 3<\/a> le 20 octobre dernier lors de l\u2019inauguration d\u2019un nouveau projet routier. Un projet routier sans piste cyclable bien entendu\u2026 au m\u00e9pris des dispositions l\u00e9gales.<\/p>\n<blockquote><p><em>Beaucoup de gens utilisent le tramway, et faire des infrastructures pour les v\u00e9los, pour quelles soient utilis\u00e9es par deux personnes, ce n&rsquo;est peut-\u00eatre pas l&rsquo;id\u00e9al.<\/em>\u00a0\u00bb<br \/>\nPhilippe Saurel, pr\u00e9sident de Montpellier M\u00e9diterran\u00e9e M\u00e9tropole. <\/p><\/blockquote>\n<p>Sant\u00e9, lutte contre la pollution, ambiance urbaine: favoriser la circulation \u00e0 v\u00e9lo en ville est au b\u00e9n\u00e9fice de tous. Et il y a tant \u00e0 faire \u00e0 Montpellier, pour un r\u00e9seau coh\u00e9rent et s\u00fbr, pour le stationnement et pour un partage \u00e9quitable de la voirie. La position de son maire actuel est r\u00e9solument archa\u00efque.<\/p>\n<p>Rappelons que le Gouvernement vient d\u2019adopter un Plan V\u00e9lo qui pr\u00e9voit de tripler la part du v\u00e9lo d\u2019ici 2025. Et qu\u2019il a d\u00e9bloqu\u00e9 50 millions par an pour aider les collectivit\u00e9s \u00e0 financer de nouveaux am\u00e9nagements cyclables.<\/p>\n<p>La Ministre des Transports, Elisabeth Borne, appr\u00e9ciera.<\/p>\n<p>Pour bien montrer que nous sommes bien plus que deux \u00e0 demander que le v\u00e9lo ne soit plus trait\u00e9 avec condescendance, et qu\u2019enfin s\u2019engage une vraie politique du v\u00e9lo pour Montpellier et sa m\u00e9tropole, <a href=\"https:\/\/www.velocite-montpellier.fr\" rel=\"noopener\" target=\"_blank\">V\u00e9locit\u00e9 Grand Montpellier<\/a> appelle \u00e0 une manifestation cycliste qui se terminera par un pique-nique tir\u00e9 du sac.<\/p>\n<p><strong>Samedi 10 novembre 2018<br \/>\nD\u00e9part 11 h, Place du Peyrou<br \/>\nArriv\u00e9e 12h, Place de l\u2019h\u00f4tel de Ville<\/strong><br \/>\n<a href=\"https:\/\/www.facebook.com\/VelociteMontpellier\" rel=\"noopener\" target=\"_blank\">https:\/\/www.facebook.com\/VelociteMontpellier<\/a> <a href=\"https:\/\/twitter.com\/hashtag\/JeSuisUnDesDeux\" rel=\"noopener\" target=\"_blank\">https:\/\/twitter.com\/hashtag\/JeSuisUnDesDeux<\/a><br \/>\n<a href=\"https:\/\/www.youtube.com\/watch?v=aW9kfwnk29w\" rel=\"noopener\" target=\"_blank\">https:\/\/www.youtube.com\/watch?v=aW9kfwnk29w<\/a><br \/>\n<a href=\"https:\/\/montpellier.eelv.fr\/pour-le-maire-de-montpellier-creer-des-pistes-cyclables-ne-sert-a-rien-6782\" rel=\"noopener\" target=\"_blank\">https:\/\/montpellier.eelv.fr\/pour-le-maire-de-montpellier-creer-des-pistes-cyclables-ne-sert-a-rien-6782<\/a><\/p>\n","protected":false},"excerpt":{"rendered":"<p>Alors qu\u2019on l\u2019interrogeait il y a quelques jours sur le manque d\u2019am\u00e9nagements cyclables \u00e0 Montpellier, Monsieur Philippe Saurel, pr\u00e9sident de la 12\u00e8me m\u00e9tropole fran\u00e7aise a r\u00e9pondu qu\u2019il est inutile d\u2019en <a class=\"more-link\" href=\"https:\/\/carfree.fr\/index.php\/2018\/11\/05\/qui-sont-les-deux-cyclistes-de-montpellier\/\">Lire la suite&#8230;<\/a><\/p>\n","protected":false},"author":37,"featured_media":41291,"comment_status":"open","ping_status":"closed","sticky":false,"template":"","format":"standard","meta":[],"categories":[7],"tags":[146,646,335,743,287,1664],"views":6355,"_links":{"self":[{"href":"https:\/\/carfree.fr\/index.php\/wp-json\/wp\/v2\/posts\/41290"}],"collection":[{"href":"https:\/\/carfree.fr\/index.php\/wp-json\/wp\/v2\/posts"}],"about":[{"href":"https:\/\/carfree.fr\/index.php\/wp-json\/wp\/v2\/types\/post"}],"author":[{"embeddable":true,"href":"https:\/\/carfree.fr\/index.php\/wp-json\/wp\/v2\/users\/37"}],"replies":[{"embeddable":true,"href":"https:\/\/carfree.fr\/index.php\/wp-json\/wp\/v2\/comments?post=41290"}],"version-history":[{"count":0,"href":"https:\/\/carfree.fr\/index.php\/wp-json\/wp\/v2\/posts\/41290\/revisions"}],"wp:featuredmedia":[{"embeddable":true,"href":"https:\/\/carfree.fr\/index.php\/wp-json\/wp\/v2\/media\/41291"}],"wp:attachment":[{"href":"https:\/\/carfree.fr\/index.php\/wp-json\/wp\/v2\/media?parent=41290"}],"wp:term":[{"taxonomy":"category","embeddable":true,"href":"https:\/\/carfree.fr\/index.php\/wp-json\/wp\/v2\/categories?post=41290"},{"taxonomy":"post_tag","embeddable":true,"href":"https:\/\/carfree.fr\/index.php\/wp-json\/wp\/v2\/tags?post=41290"}],"curies":[{"name":"wp","href":"https:\/\/api.w.org\/{rel}","templated":true}]}}