{"id":41330,"date":"2018-11-12T08:37:36","date_gmt":"2018-11-12T07:37:36","guid":{"rendered":"http:\/\/carfree.fr\/?p=41330"},"modified":"2018-11-12T08:37:36","modified_gmt":"2018-11-12T07:37:36","slug":"hausse-des-carburants-la-carte-des-blocages-prevus-le-17-novembre","status":"publish","type":"post","link":"https:\/\/carfree.fr\/index.php\/2018\/11\/12\/hausse-des-carburants-la-carte-des-blocages-prevus-le-17-novembre\/","title":{"rendered":"Hausse des carburants: la carte des blocages pr\u00e9vus le 17 novembre"},"content":{"rendered":"<p>En exclusivit\u00e9, <a href=\"http:\/\/carfree.fr\" rel=\"noopener\" target=\"_blank\">Carfree France<\/a> vous d\u00e9voile la carte permettant de conna\u00eetre la localisation des rassemblements et blocages pr\u00e9vus en \u00cele-de-France samedi 17 novembre par les automobilistes m\u00e9contents de la hausse du prix du diesel. <!--more--><\/p>\n<p>Les routes de votre commune seront-elles bloqu\u00e9es samedi 17 novembre ? L&rsquo;appel \u00e0 la mobilisation des Fran\u00e7ais face \u00e0 la hausse de la taxation du diesel conna\u00eet un \u00e9cho important dans l&rsquo;ensemble du pays et pourrait \u00eatre particuli\u00e8rement suivi. <\/p>\n<p>Afin que les automobilistes m\u00e9contents s&rsquo;y retrouvent, une carte recense les diff\u00e9rents \u00e9v\u00e9nements pr\u00e9vus: en orange sur la carte, les axes qui connaitront des ralentissements prononc\u00e9s avec une vitesse moyenne ne d\u00e9passant pas 15 km\/heure. En rouge sur la carte, les axes qui seront bloqu\u00e9s pour protester contre le prix des carburants, avec une vitesse moyenne de l&rsquo;ordre de 0 km\/heure.<\/p>\n<p>D\u00e9j\u00e0 consult\u00e9e plus de trois millions de fois, cette carte liste d&rsquo;ores et d\u00e9j\u00e0 plus de 400 blocages et rassemblements, selon le site Carfree France qui <a href=\"http:\/\/carfree.fr\/index.php\/2018\/11\/06\/enfin-une-prise-de-conscience\/\" rel=\"noopener\" target=\"_blank\">donne des conseils aux automobilistes pour faire baisser leur facture de carburant<\/a>.<\/p>\n<p>Aux derni\u00e8res nouvelles, les blocages devraient \u00eatre particuli\u00e8rement bien suivis sur les autoroutes, routes nationales, rocades et p\u00e9riph\u00e9rique, en particulier \u00e0 l&rsquo;heure de pointe du matin et \u00e0 l&rsquo;heure de pointe du soir. Des embouteillages sont \u00e0 pr\u00e9voir dans ces secteurs, avec une tendance \u00e0 la congestion, comme un jour de semaine normal.<\/p>\n<p>Selon toute probabilit\u00e9, le blocage commencera devant chez vous et se terminera \u00e0 votre destination finale. Comptez de trois \u00e0 quatre heures pour un parcours habituel en voiture de 2 kilom\u00e8tres (ou une demi-heure \u00e0 pied si vous devez abandonner votre voiture bloqu\u00e9e dans le blocage).<\/p>\n<p>Ce mouvement original verra en effet des centaines de milliers d&rsquo;automobilistes d\u00e9filer en voiture sur les routes et rouler comme d&rsquo;habitude au ralenti, pare-choc contre pare-choc. Dans certains cas extr\u00eames, les automobilistes exc\u00e9d\u00e9s par la hausse du prix des carburants pourraient m\u00eame \u00eatre amen\u00e9s \u00e0 s&rsquo;agglutiner dans certaines rues ou sur certaines routes afin de r\u00e9aliser un blocage complet, que les organisateurs du mouvement ont d\u00e9cid\u00e9 d&rsquo;appeler un \u00ab\u00a0<em>bouchon<\/em>.\u00a0\u00bb<\/p>\n<p>Les organisateurs du mouvement de blocage demandent par ailleurs aux automobilistes de laisser d\u00e9gag\u00e9es les bandes et pistes cyclables afin de pouvoir faire circuler les services de secours \u00e0 bicyclette qui pourront porter assistance aux automobilistes qui resteront trop longtemps bloqu\u00e9s dans les embouteillages.<\/p>\n<p>Des les cas les plus graves, en cas d&rsquo;intoxication d&rsquo;automobilistes aux vapeurs de diesel, un service d&rsquo;\u00e9vacuation des automobilistes en v\u00e9lo-cargo sera en effet mis en place vers des h\u00f4pitaux de campagne install\u00e9s dans les stations de m\u00e9tro r\u00e9quisitionn\u00e9es pour cette occasion.<\/p>\n","protected":false},"excerpt":{"rendered":"<p>En exclusivit\u00e9, Carfree France vous d\u00e9voile la carte permettant de conna\u00eetre la localisation des rassemblements et blocages pr\u00e9vus en \u00cele-de-France samedi 17 novembre par les automobilistes m\u00e9contents de la hausse <a class=\"more-link\" href=\"https:\/\/carfree.fr\/index.php\/2018\/11\/12\/hausse-des-carburants-la-carte-des-blocages-prevus-le-17-novembre\/\">Lire la suite&#8230;<\/a><\/p>\n","protected":false},"author":3,"featured_media":41331,"comment_status":"open","ping_status":"closed","sticky":false,"template":"","format":"standard","meta":[],"categories":[73,6,1037],"tags":[290,1715,193,162,846,760,45,47],"views":7607,"_links":{"self":[{"href":"https:\/\/carfree.fr\/index.php\/wp-json\/wp\/v2\/posts\/41330"}],"collection":[{"href":"https:\/\/carfree.fr\/index.php\/wp-json\/wp\/v2\/posts"}],"about":[{"href":"https:\/\/carfree.fr\/index.php\/wp-json\/wp\/v2\/types\/post"}],"author":[{"embeddable":true,"href":"https:\/\/carfree.fr\/index.php\/wp-json\/wp\/v2\/users\/3"}],"replies":[{"embeddable":true,"href":"https:\/\/carfree.fr\/index.php\/wp-json\/wp\/v2\/comments?post=41330"}],"version-history":[{"count":0,"href":"https:\/\/carfree.fr\/index.php\/wp-json\/wp\/v2\/posts\/41330\/revisions"}],"wp:featuredmedia":[{"embeddable":true,"href":"https:\/\/carfree.fr\/index.php\/wp-json\/wp\/v2\/media\/41331"}],"wp:attachment":[{"href":"https:\/\/carfree.fr\/index.php\/wp-json\/wp\/v2\/media?parent=41330"}],"wp:term":[{"taxonomy":"category","embeddable":true,"href":"https:\/\/carfree.fr\/index.php\/wp-json\/wp\/v2\/categories?post=41330"},{"taxonomy":"post_tag","embeddable":true,"href":"https:\/\/carfree.fr\/index.php\/wp-json\/wp\/v2\/tags?post=41330"}],"curies":[{"name":"wp","href":"https:\/\/api.w.org\/{rel}","templated":true}]}}