{"id":41380,"date":"2018-11-26T08:54:58","date_gmt":"2018-11-26T07:54:58","guid":{"rendered":"http:\/\/carfree.fr\/?p=41380"},"modified":"2025-03-04T21:29:32","modified_gmt":"2025-03-04T20:29:32","slug":"le-velobus-scolaire","status":"publish","type":"post","link":"https:\/\/carfree.fr\/index.php\/2018\/11\/26\/le-velobus-scolaire\/","title":{"rendered":"Le v\u00e9lobus scolaire"},"content":{"rendered":"<p>Comment transporter huit enfants en toute s\u00e9curit\u00e9 pour les amener \u00e0 l&rsquo;\u00e9cole, \u00e0 la cr\u00e8che, \u00e0 la piscine ou pour tous types d&rsquo;activit\u00e9s p\u00e9ri-scolaires? Avec le GoCab bien entendu, un v\u00e9lo-taxi <em>made in Pays-Bas<\/em> \u00e0 assistance \u00e9lectrique! <!--more--><\/p>\n<p>Le GoCab est particuli\u00e8rement adapt\u00e9 aux structures de garde d&rsquo;enfants et d&rsquo;accueil extrascolaire. Avec l&rsquo;assistance \u00e9lectrique, il devient tr\u00e8s facile de transporter des enfants \u00e0 v\u00e9lo en p\u00e9dalant. Avec son toit, les enfants peuvent \u00eatre transport\u00e9s \u00e0 sec et en toute s\u00e9curit\u00e9. Gr\u00e2ce \u00e0 la roue avant simple, le cycle a un rayon de braquage tr\u00e8s court et peut \u00eatre facilement man\u0153uvr\u00e9. Le GoCab peut \u00eatre conduit sans permis de conduire ni assurance sp\u00e9ciale. Vous pouvez m\u00eame faire marche arri\u00e8re \u00e0 l&rsquo;aide de l&rsquo;assistance \u00e9lectrique. <\/p>\n<p>Le GoCab a d\u00e9j\u00e0 remport\u00e9 de nombreux prix dont l&rsquo;Eurobike Award international et un prix lors de la semaine n\u00e9erlandaise du design et le prix de l&rsquo;innovation de l&rsquo;Amsterdam Rai.  <\/p>\n<p>Disponible pour :<br \/>\nLe transport de 8 enfants vers les parcs, les institutions, les associations, les garderies ou les cr\u00e8ches. <\/p>\n<p>Caract\u00e9ristiques :<br \/>\nFonctionnement en douceur &#8211; marche arri\u00e8re &#8211; 8 vitesses &#8211; frein de stationnement &#8211; freins \u00e0 disque &#8211; huit sangles individuelles &#8211; coffre \u00e0 bagages (pour les sacs des enfants).<\/p>\n<p>Longueur : 254 cm, largeur 110 cm, hauteur 145 cm<\/p>\n<p>Source: <a href=\"https:\/\/www.vanraam.com\/en-gb\/advice-inspiration\/news\/gocab-bicycle-taxi-for-children\" rel=\"noopener\" target=\"_blank\">https:\/\/www.vanraam.com\/en-gb\/advice-inspiration\/news\/gocab-bicycle-taxi-for-children<\/a><\/p>\n","protected":false},"excerpt":{"rendered":"<p>Comment transporter huit enfants en toute s\u00e9curit\u00e9 pour les amener \u00e0 l&rsquo;\u00e9cole, \u00e0 la cr\u00e8che, \u00e0 la piscine ou pour tous types d&rsquo;activit\u00e9s p\u00e9ri-scolaires? Avec le GoCab bien entendu, un <a class=\"more-link\" href=\"https:\/\/carfree.fr\/index.php\/2018\/11\/26\/le-velobus-scolaire\/\">Lire la suite&#8230;<\/a><\/p>\n","protected":false},"author":1721,"featured_media":41381,"comment_status":"open","ping_status":"closed","sticky":false,"template":"","format":"standard","meta":[],"categories":[4,8,7],"tags":[247,588,201,88,1664,1065,1587],"views":10695,"_links":{"self":[{"href":"https:\/\/carfree.fr\/index.php\/wp-json\/wp\/v2\/posts\/41380"}],"collection":[{"href":"https:\/\/carfree.fr\/index.php\/wp-json\/wp\/v2\/posts"}],"about":[{"href":"https:\/\/carfree.fr\/index.php\/wp-json\/wp\/v2\/types\/post"}],"author":[{"embeddable":true,"href":"https:\/\/carfree.fr\/index.php\/wp-json\/wp\/v2\/users\/1721"}],"replies":[{"embeddable":true,"href":"https:\/\/carfree.fr\/index.php\/wp-json\/wp\/v2\/comments?post=41380"}],"version-history":[{"count":0,"href":"https:\/\/carfree.fr\/index.php\/wp-json\/wp\/v2\/posts\/41380\/revisions"}],"wp:featuredmedia":[{"embeddable":true,"href":"https:\/\/carfree.fr\/index.php\/wp-json\/wp\/v2\/media\/41381"}],"wp:attachment":[{"href":"https:\/\/carfree.fr\/index.php\/wp-json\/wp\/v2\/media?parent=41380"}],"wp:term":[{"taxonomy":"category","embeddable":true,"href":"https:\/\/carfree.fr\/index.php\/wp-json\/wp\/v2\/categories?post=41380"},{"taxonomy":"post_tag","embeddable":true,"href":"https:\/\/carfree.fr\/index.php\/wp-json\/wp\/v2\/tags?post=41380"}],"curies":[{"name":"wp","href":"https:\/\/api.w.org\/{rel}","templated":true}]}}