{"id":41395,"date":"2018-11-19T08:55:00","date_gmt":"2018-11-19T07:55:00","guid":{"rendered":"http:\/\/carfree.fr\/?p=41395"},"modified":"2018-11-19T08:55:00","modified_gmt":"2018-11-19T07:55:00","slug":"la-mairie-de-toulouse-contre-la-velonomie","status":"publish","type":"post","link":"https:\/\/carfree.fr\/index.php\/2018\/11\/19\/la-mairie-de-toulouse-contre-la-velonomie\/","title":{"rendered":"La Mairie de Toulouse contre la V\u00e9lonomie"},"content":{"rendered":"<p>A l&rsquo;heure o\u00f9 la communaut\u00e9 scientifique mondiale affirme que notre consommation d&rsquo;\u00e9nergies fossiles nous conduit vers une catastrophe \u00e9cologique; quelques jours apr\u00e8s le drame d&rsquo;une cycliste renvers\u00e9e par un camion en pleine ville; et tandis qu&rsquo;Olivier, le fondateur de la V\u00e9lorution ToulouZen, doit se battre contre la maladie, les autorit\u00e9s trouvent la conjoncture suffisamment plaisante pour expulser notre Labo du 6 rue B\u00e9nezet \u00e0 Toulouse, plus grand atelier v\u00e9lo et recyclerie de France. <!--more--><\/p>\n<p>Le Jeudi 15 Novembre \u00e0 6h30, sans pr\u00e9avis, ce sont quatre camions de CRS et la police municipale qui viennent expulser Karim, notre salari\u00e9, hors de son lieu de travail et ferment derri\u00e8re lui les portes du Labo en installant leur propre serrure gard\u00e9e par deux agents de s\u00e9curit\u00e9. Tall-bikes, swing-bikes, rosalies, tri-porteurs, tandems et tout notre bestiaire de biclous folkloriques se retrouvent donc kidnapp\u00e9s par les pouvoirs publics.<\/p>\n<p>Au moment o\u00f9 le gouvernement utilise l&rsquo;argument \u00e9cologique pour augmenter les taxes pr\u00e9lev\u00e9es sur les carburants on peut bien voir que la volont\u00e9 politique de d\u00e9velopper les alternatives n&rsquo;est pas l\u00e0. Au contraire, une association non-violente proposant un v\u00e9lo populaire \u00e0 la port\u00e9e de tous les budgets gr\u00e2ce au r\u00e9-emploi et \u00e0 l&rsquo;apprentissage de la v\u00e9lonomie, sans toucher de subventions et port\u00e9e par la passion de ses b\u00e9n\u00e9voles, semble d\u00e9ranger les pouvoirs publics. Faute de grand local, la V\u00e9lorution ne peut pas reprendre ses activit\u00e9 de soudure, m\u00e9tallerie, r\u00e9alisation de v\u00e9lo sp\u00e9ciaux et charrettes, et les possibilit\u00e9s de r\u00e9cup\u00e9rations et r\u00e9-emplois sont limit\u00e9s. Mais nous ne nous avouons pas vaincu!<\/p>\n<p>Nous allons rencontrer la responsable du patrimoine de Toulouse-M\u00e9tropole Lundi 19 \u00e0 14h pour r\u00e9clamer notre espace l\u00e9gitime.<\/p>\n<p>Venez-nous soutenir sur le parvis de Toulouse-M\u00e9tropole lundi d\u00e8s midi, \u00e0 cot\u00e9 de la m\u00e9diath\u00e8que Jos\u00e9 Cabanis.<\/p>\n<p>En attendant, les permanences du 6 rue B\u00e9nezet sont report\u00e9es vers le 6 rue Joubert.<\/p>\n<p><a href=\"https:\/\/velorution-toulouse.org\" rel=\"noopener\" target=\"_blank\">https:\/\/velorution-toulouse.org<\/a><\/p>\n","protected":false},"excerpt":{"rendered":"<p>A l&rsquo;heure o\u00f9 la communaut\u00e9 scientifique mondiale affirme que notre consommation d&rsquo;\u00e9nergies fossiles nous conduit vers une catastrophe \u00e9cologique; quelques jours apr\u00e8s le drame d&rsquo;une cycliste renvers\u00e9e par un camion <a class=\"more-link\" href=\"https:\/\/carfree.fr\/index.php\/2018\/11\/19\/la-mairie-de-toulouse-contre-la-velonomie\/\">Lire la suite&#8230;<\/a><\/p>\n","protected":false},"author":168,"featured_media":41396,"comment_status":"open","ping_status":"closed","sticky":false,"template":"","format":"standard","meta":[],"categories":[4,7],"tags":[181,760,218,1664,1251,113],"views":5839,"_links":{"self":[{"href":"https:\/\/carfree.fr\/index.php\/wp-json\/wp\/v2\/posts\/41395"}],"collection":[{"href":"https:\/\/carfree.fr\/index.php\/wp-json\/wp\/v2\/posts"}],"about":[{"href":"https:\/\/carfree.fr\/index.php\/wp-json\/wp\/v2\/types\/post"}],"author":[{"embeddable":true,"href":"https:\/\/carfree.fr\/index.php\/wp-json\/wp\/v2\/users\/168"}],"replies":[{"embeddable":true,"href":"https:\/\/carfree.fr\/index.php\/wp-json\/wp\/v2\/comments?post=41395"}],"version-history":[{"count":0,"href":"https:\/\/carfree.fr\/index.php\/wp-json\/wp\/v2\/posts\/41395\/revisions"}],"wp:featuredmedia":[{"embeddable":true,"href":"https:\/\/carfree.fr\/index.php\/wp-json\/wp\/v2\/media\/41396"}],"wp:attachment":[{"href":"https:\/\/carfree.fr\/index.php\/wp-json\/wp\/v2\/media?parent=41395"}],"wp:term":[{"taxonomy":"category","embeddable":true,"href":"https:\/\/carfree.fr\/index.php\/wp-json\/wp\/v2\/categories?post=41395"},{"taxonomy":"post_tag","embeddable":true,"href":"https:\/\/carfree.fr\/index.php\/wp-json\/wp\/v2\/tags?post=41395"}],"curies":[{"name":"wp","href":"https:\/\/api.w.org\/{rel}","templated":true}]}}