{"id":41495,"date":"2018-12-13T09:40:06","date_gmt":"2018-12-13T08:40:06","guid":{"rendered":"http:\/\/carfree.fr\/?p=41495"},"modified":"2018-12-13T15:02:27","modified_gmt":"2018-12-13T14:02:27","slug":"fin-du-mois-et-fin-du-monde-meme-combat","status":"publish","type":"post","link":"https:\/\/carfree.fr\/index.php\/2018\/12\/13\/fin-du-mois-et-fin-du-monde-meme-combat\/","title":{"rendered":"Fin du mois et fin du monde, m\u00eame combat!"},"content":{"rendered":"\n<p>\n\nVous la sentez venir la grande convergence? Gilets jaunes aux fins de mois difficiles et \u00e9colo-bobos pr\u00e9occup\u00e9s par la fin du monde&#8230; Rien qu&rsquo;en posant le probl\u00e8me de cette mani\u00e8re, on n&rsquo;est pas \u00e0 l&rsquo;abri de nombreux clich\u00e9s, mais bon, tentons le coup quand m\u00eame.&nbsp; <!--more-->\n\n<\/p>\n\n\n\n<p>D\u00e9j\u00e0, pour \u00eatre un tant soit peu honn\u00eate quand on s&rsquo;engage dans ce type de d\u00e9bat, il semble n\u00e9cessaire d&rsquo;afficher \u00ab\u00a0son camp\u00a0\u00bb. Pour ce qui me concerne, je suis irr\u00e9m\u00e9diablement, que je le veuille ou non, dans le camp des \u00e9colo-bobos. Que ce soit en mati\u00e8re de revenu, de conception du monde ou de pratiques quotidiennes, je suis un \u00ab\u00a0\u00e9colo-bobo,\u00a0\u00bb si ce terme veut dire quelque chose.<\/p>\n\n\n\n<p>Et pourtant, je suis de tout c\u0153ur avec les gilets jaunes. Je partage leur haine et leur volont\u00e9 de vivre dignement. Je d\u00e9nonce \u00e9galement le m\u00e9pris g\u00e9n\u00e9ral et bien-pensant de toute une classe, celle des privil\u00e9gi\u00e9s, vis-\u00e0-vis des revendications des gilets jaunes.<\/p>\n\n\n\n<p><\/p>\n\n\n\n<p>Il est tout simplement insupportable d&rsquo;entendre des privil\u00e9gi\u00e9s qui mangent bio, font du v\u00e9lo \u00ab\u00a0par conviction\u00a0\u00bb et r\u00e9fl\u00e9chissent tout en terme d&#8217;empreinte carbone donner des le\u00e7ons aux gilets jaunes sous l&rsquo;angle \u00ab\u00a0arr\u00eatez de faire chier avec votre diesel qui pue.\u00a0\u00bb<\/p>\n\n\n\n<p>Oui, les gilets jaunes font chier avec leur diesel qui pue, mais qui suis-je pour leur faire la le\u00e7on? Ils sont d&rsquo;abord les victimes d&rsquo;un syst\u00e8me, celui que nous d\u00e9non\u00e7ons r\u00e9guli\u00e8rement ici m\u00eame: \u00ab\u00a0je conduis une voiture pour aller travailler et je travaille pour payer ma voiture.\u00a0\u00bb<\/p>\n\n\n\n<p>Je ne parle pas ici de ceux qui mettent un gilet jaune sur le tableau de bord de leur 4X4, mais de ceux qui sont sur les rond-points, asphyxi\u00e9s par un syst\u00e8me \u00e9conomique reposant sur l&rsquo;automobile.<\/p>\n\n\n\n<p>Or, je vois beaucoup d&rsquo;\u00e9colo-bobos donneurs de le\u00e7ons en mati\u00e8re d&#8217;empreinte carbone qui m\u00e9prisent litt\u00e9ralement cette France d&rsquo;en-bas qui l\u00e8ve enfin la t\u00eate. Au passage, beaucoup de ces \u00e9colo-bobos devraient comparer leur propre empreinte carbone avec celle des Bangladais. Ils la ram\u00e8neraient peut-\u00eatre un peu moins&#8230;<\/p>\n\n\n\n<p>Les gilets jaunes paup\u00e9ris\u00e9s plus ou moins en voie de d\u00e9classement, qui l&rsquo;ouvrent enfin pour dire que cela suffit, sont avant tout les victimes du syst\u00e8me capitaliste lib\u00e9ral.<\/p>\n\n\n\n<p>Quant au climat qui se d\u00e9traque, la pollution g\u00e9n\u00e9rale ou la surexploitation des mati\u00e8res premi\u00e8res, quel est le v\u00e9ritable responsable si ce n&rsquo;est le syst\u00e8me capitaliste lib\u00e9ral?<\/p>\n\n\n\n<p>Ce n&rsquo;est donc pas sur les gilets jaunes qu&rsquo;il faut taper, mais sur ce syst\u00e8me dont profite le 1% de la population, ce fameux 1% qui b\u00e9n\u00e9ficie de toutes les largesses gouvernementales depuis des ann\u00e9es, en particulier depuis les derniers 18 mois de l&rsquo;\u00e8re Macron.<\/p>\n\n\n\n<figure class=\"wp-block-image\"><img decoding=\"async\" loading=\"lazy\" width=\"600\" height=\"380\" src=\"http:\/\/carfree.fr\/img\/2018\/12\/marche-pour-le-climat-et-gilets-jaunes-quand-fin-du-mois-et-fin-du-monde-se-rejoignent-marianne.jpg\" alt=\"\" class=\"wp-image-41497\"\/><figcaption>Fin du Monde, fin du mois, Changeons le systeme, pas le climat.\nDemonstrators during the march against climate change.\nLa Marche pour le climat\nParis, FRANCE-08\/12\/2018\n\n\n\n\/\/JACQUESWITT_climat015\/Credit:Jacques Witt\/SIPA\/1812081925<\/figcaption><\/figure>\n\n\n\n<p>Les \u00e9colo-bobos souhaitent une plan\u00e8te vivable, moins de pollution, un r\u00e9chauffement climatique contenu. Leurs revendications vont objectivement dans le sens des gilets jaunes. Pourquoi? Parce que l&rsquo;histoire montre que ce sont toujours les plus pauvres et les plus faibles qui paient le prix fort lorsque l&rsquo;environnement au sens large se d\u00e9t\u00e9riore. Les riches mettent toujours en place, du moins jusqu&rsquo;\u00e0 un certain point, des strat\u00e9gies d&rsquo;\u00e9vitement des situations environnementales d\u00e9grad\u00e9es.<\/p>\n\n\n\n<p>Les gilets jaunes ne sont pas favorables \u00e0 la destruction de l&rsquo;environnement, ils veulent juste vivre dignement. Le probl\u00e8me, c&rsquo;est qu&rsquo;ils veulent juste acc\u00e9der \u00e0 une parcelle du fantasme de surconsommation vendu par l&rsquo;\u00e9lite. En cela, ils se battent pour maintenir le syst\u00e8me qui les oppresse.<\/p>\n\n\n\n<p>J&rsquo;avais \u00e9crit un jour que le plus grand acte r\u00e9volutionnaire n&rsquo;\u00e9tait pas de casser des voitures, mais de commencer par refuser d&rsquo;en acheter. Si plus personne n&rsquo;achetait de voiture, le syst\u00e8me \u00e9conomique actuel s&rsquo;effondrerait.<\/p>\n\n\n\n<p>Le probl\u00e8me, c&rsquo;est qu&rsquo;on peut difficilement dire \u00e0 quelqu&rsquo;un qui vit par contrainte financi\u00e8re dans un lieu o\u00f9 il est captif de l&rsquo;automobile de renoncer \u00e0 acheter une voiture. Il faut g\u00e9rer cela en termes de transition.<\/p>\n\n\n\n<figure class=\"wp-block-image\"><img decoding=\"async\" loading=\"lazy\" width=\"600\" height=\"579\" src=\"http:\/\/carfree.fr\/img\/2018\/12\/100-balles.jpg\" alt=\"\" class=\"wp-image-41517\"\/><figcaption>100 balles&#8230; et un mars<\/figcaption><\/figure>\n\n\n\n<p>Et pour cela, il faut lui donner de l&rsquo;argent. Cet argent que le 1% ne l\u00e2chera pas. Car, on ne parle pas ici de 100 balles et un mars, on parle d&rsquo;un v\u00e9ritable budget alternatif pour permettre aux gens d\u00e9pendants de la voiture de vivre sans voiture.<\/p>\n\n\n\n<p>Je fais ici le pari que beaucoup de gilets jaunes seraient en effet pr\u00eats \u00e0 abandonner leur voiture si on leur offrait la possibilit\u00e9 de vivre dans des conditions agr\u00e9ables et pratiques, proches de leur travail (quand ils en ont un!) et de toutes les commodit\u00e9s urbaines.<\/p>\n\n\n\n<p>Qui serait contre, mis \u00e0 part les constructeurs de voitures, le syst\u00e8me \u00e9conomique actuel, le 1% de la population qui capte l&rsquo;essentiel des richesses publiques et les gouvernements qui g\u00e8rent cela?<\/p>\n\n\n\n<p>Quant aux \u00e9colo-bobos, arr\u00eatez de croire que ce sont les gilets jaunes qui sont les responsables de la crise environnementale actuelle. De la m\u00eame mani\u00e8re que les gilets jaunes rel\u00e8vent enfin la t\u00eate contre l&rsquo;ordre \u00e9conomique lib\u00e9ral, levez \u00e9galement la t\u00eate vers les v\u00e9ritables responsables de la destruction de l&rsquo;environnement.<\/p>\n\n\n\n<p>La soumission n&rsquo;est pas forc\u00e9ment l\u00e0 o\u00f9 on le pense&#8230;<\/p>\n\n\n\n<p><\/p>\n","protected":false},"excerpt":{"rendered":"<p>Vous la sentez venir la grande convergence? Gilets jaunes aux fins de mois difficiles et \u00e9colo-bobos pr\u00e9occup\u00e9s par la fin du monde&#8230; Rien qu&rsquo;en posant le probl\u00e8me de cette mani\u00e8re, on n&rsquo;est pas \u00e0 l&rsquo;abri de nombreux clich\u00e9s, mais bon, tentons le coup quand m\u00eame.  <a class=\"more-link\" href=\"https:\/\/carfree.fr\/index.php\/2018\/12\/13\/fin-du-mois-et-fin-du-monde-meme-combat\/\">Lire la suite&#8230;<\/a><\/p>\n","protected":false},"author":18,"featured_media":41496,"comment_status":"open","ping_status":"closed","sticky":false,"template":"","format":"standard","meta":[],"categories":[127,52,73,124],"tags":[1709,477,57,11,84,1281,1344,760],"views":9344,"_links":{"self":[{"href":"https:\/\/carfree.fr\/index.php\/wp-json\/wp\/v2\/posts\/41495"}],"collection":[{"href":"https:\/\/carfree.fr\/index.php\/wp-json\/wp\/v2\/posts"}],"about":[{"href":"https:\/\/carfree.fr\/index.php\/wp-json\/wp\/v2\/types\/post"}],"author":[{"embeddable":true,"href":"https:\/\/carfree.fr\/index.php\/wp-json\/wp\/v2\/users\/18"}],"replies":[{"embeddable":true,"href":"https:\/\/carfree.fr\/index.php\/wp-json\/wp\/v2\/comments?post=41495"}],"version-history":[{"count":0,"href":"https:\/\/carfree.fr\/index.php\/wp-json\/wp\/v2\/posts\/41495\/revisions"}],"wp:featuredmedia":[{"embeddable":true,"href":"https:\/\/carfree.fr\/index.php\/wp-json\/wp\/v2\/media\/41496"}],"wp:attachment":[{"href":"https:\/\/carfree.fr\/index.php\/wp-json\/wp\/v2\/media?parent=41495"}],"wp:term":[{"taxonomy":"category","embeddable":true,"href":"https:\/\/carfree.fr\/index.php\/wp-json\/wp\/v2\/categories?post=41495"},{"taxonomy":"post_tag","embeddable":true,"href":"https:\/\/carfree.fr\/index.php\/wp-json\/wp\/v2\/tags?post=41495"}],"curies":[{"name":"wp","href":"https:\/\/api.w.org\/{rel}","templated":true}]}}