{"id":41580,"date":"2019-01-14T09:16:29","date_gmt":"2019-01-14T08:16:29","guid":{"rendered":"http:\/\/carfree.fr\/?p=41580"},"modified":"2025-03-04T21:28:56","modified_gmt":"2025-03-04T20:28:56","slug":"fabriquer-un-caddie-velo","status":"publish","type":"post","link":"https:\/\/carfree.fr\/index.php\/2019\/01\/14\/fabriquer-un-caddie-velo\/","title":{"rendered":"Comment fabriquer un caddie v\u00e9lo"},"content":{"rendered":"<p>Bonjour je voulais commenter votre article sur les <a href=\"http:\/\/carfree.fr\/index.php\/2010\/07\/01\/la-vie-sans-voiture-le-velo-pour-faire-les-courses\/\" data-wplink-edit=\"true\">courses \u00e0 v\u00e9lo<\/a>, pour pr\u00e9senter un bricolage tr\u00e8s simple, pas cher du tout et qui fonctionne du tonnerre, mais les commentaires sont clos.&nbsp;<!--more--><\/p>\n<p>Je pense vraiment que cette solution peut int\u00e9resser du monde. Perso je ne vends rien, c&rsquo;est juste que \u00e7a peut vous int\u00e9resser. Voici donc le tuto et la d\u00e9mo pour fabriquer un caddie v\u00e9lo.<\/p>\n<p>Louis Pradel<\/p>\n<p><iframe loading=\"lazy\" width=\"800\" height=\"450\" src=\"https:\/\/www.youtube.com\/embed\/NGaJ8pNoFwo?feature=oembed\" frameborder=\"0\" allow=\"accelerometer; autoplay; encrypted-media; gyroscope; picture-in-picture\" allowfullscreen><\/iframe><\/p>\n","protected":false},"excerpt":{"rendered":"<p>Bonjour je voulais commenter votre article sur les courses \u00e0 v\u00e9lo, pour pr\u00e9senter un bricolage tr\u00e8s simple, pas cher du tout et qui fonctionne du tonnerre, mais les commentaires sont <a class=\"more-link\" href=\"https:\/\/carfree.fr\/index.php\/2019\/01\/14\/fabriquer-un-caddie-velo\/\">Lire la suite&#8230;<\/a><\/p>\n","protected":false},"author":1721,"featured_media":41581,"comment_status":"open","ping_status":"closed","sticky":false,"template":"","format":"standard","meta":[],"categories":[4,7],"tags":[201,719,1809,1664,1587],"views":27300,"_links":{"self":[{"href":"https:\/\/carfree.fr\/index.php\/wp-json\/wp\/v2\/posts\/41580"}],"collection":[{"href":"https:\/\/carfree.fr\/index.php\/wp-json\/wp\/v2\/posts"}],"about":[{"href":"https:\/\/carfree.fr\/index.php\/wp-json\/wp\/v2\/types\/post"}],"author":[{"embeddable":true,"href":"https:\/\/carfree.fr\/index.php\/wp-json\/wp\/v2\/users\/1721"}],"replies":[{"embeddable":true,"href":"https:\/\/carfree.fr\/index.php\/wp-json\/wp\/v2\/comments?post=41580"}],"version-history":[{"count":0,"href":"https:\/\/carfree.fr\/index.php\/wp-json\/wp\/v2\/posts\/41580\/revisions"}],"wp:featuredmedia":[{"embeddable":true,"href":"https:\/\/carfree.fr\/index.php\/wp-json\/wp\/v2\/media\/41581"}],"wp:attachment":[{"href":"https:\/\/carfree.fr\/index.php\/wp-json\/wp\/v2\/media?parent=41580"}],"wp:term":[{"taxonomy":"category","embeddable":true,"href":"https:\/\/carfree.fr\/index.php\/wp-json\/wp\/v2\/categories?post=41580"},{"taxonomy":"post_tag","embeddable":true,"href":"https:\/\/carfree.fr\/index.php\/wp-json\/wp\/v2\/tags?post=41580"}],"curies":[{"name":"wp","href":"https:\/\/api.w.org\/{rel}","templated":true}]}}