{"id":41671,"date":"2019-01-30T09:22:56","date_gmt":"2019-01-30T08:22:56","guid":{"rendered":"http:\/\/carfree.fr\/?p=41671"},"modified":"2019-01-30T09:22:56","modified_gmt":"2019-01-30T08:22:56","slug":"le-velo-a-amsterdam","status":"publish","type":"post","link":"https:\/\/carfree.fr\/index.php\/2019\/01\/30\/le-velo-a-amsterdam\/","title":{"rendered":"Le v\u00e9lo \u00e0 Amsterdam"},"content":{"rendered":"<p>\u00ab\u00a0Deux, trois jours en ville\u00a0\u00bb est une s\u00e9rie de documentaires r\u00e9alis\u00e9s pour la cha\u00eene Voyage. Chaque \u00e9pisode d&rsquo;environ 50 minutes permet de d\u00e9couvrir une grande ville d\u2019Europe d\u2019une mani\u00e8re privil\u00e9gi\u00e9e et accessible. Bien plus qu\u2019une aventure touristique, les r\u00e9cits historiques ponctuant le documentaire permettent au spectateur de voyager \u00e0 travers les p\u00e9riodes clefs de la cit\u00e9 afin de mieux comprendre son identit\u00e9. <!--more--><\/p>\n<p>L&rsquo;\u00e9pisode consacr\u00e9 \u00e0 Amsterdam, diffus\u00e9 sur la cha\u00eene Voyage le 25 novembre 2018 permet de d\u00e9couvrir en particulier l&rsquo;histoire du d\u00e9veloppement du v\u00e9lo dans la ville. La r\u00e9alisatrice, Nadine Kuhn, a rencontr\u00e9 pour cela <a href=\"https:\/\/bicycledutch.wordpress.com\/2019\/01\/23\/cycling-in-amsterdam\/\" rel=\"noopener\" target=\"_blank\">Mark Wagenbuur<\/a>, le blogueur n\u00e9erlandais qui fait autorit\u00e9 en mati\u00e8re de v\u00e9lo urbain \u00e0 Amsterdam. <\/p>\n<p>L&rsquo;extrait du documentaire consacr\u00e9 au v\u00e9lo fait un peu plus de 4 minutes et condense l&rsquo;histoire du d\u00e9veloppement du v\u00e9lo \u00e0 Amsterdam. Nous avions d\u00e9j\u00e0 expliqu\u00e9 en d\u00e9tail cette histoire dans deux articles sur Carfree: \u00ab\u00a0<a href=\"http:\/\/carfree.fr\/index.php\/2013\/03\/04\/comment-les-hollandais-ont-obtenu-leur-infrastructure-cyclable\/\" rel=\"noopener\" target=\"_blank\">Comment les Hollandais ont obtenu leur infrastructure cyclable<\/a>\u00a0\u00bb et \u00ab\u00a0<a href=\"http:\/\/carfree.fr\/index.php\/2018\/06\/29\/comment-les-pays-pas-ont-developpe-le-velo\/\" rel=\"noopener\" target=\"_blank\">Comment les Pays-Pas ont d\u00e9velopp\u00e9 le v\u00e9lo<\/a>.\u00a0\u00bb<\/p>\n<p>L&rsquo;int\u00e9r\u00eat de la vid\u00e9o est de raconter tout cela en 4 minutes chrono! Au passage, on d\u00e9couvre dans cet extrait que si le grand nombre d&rsquo;accidents de voitures et en particulier la mort d&rsquo;enfants sur les routes a jou\u00e9 un r\u00f4le important dans les ann\u00e9es 1970 pour passer \u00e0 une soci\u00e9t\u00e9 cyclable, le ministre des transports de l&rsquo;\u00e9poque a lui-m\u00eame perdu un de ses enfants dans un accident de voiture, ce qui a semble-t-il pr\u00e9cipit\u00e9 ce changement notable de paradigme dans la soci\u00e9t\u00e9 n\u00e9erlandaise.<\/p>\n<p>Dans l&rsquo;extrait, Mark Wagenbuur pr\u00e9sente un v\u00e9lo hollandais typique: \u00ab\u00a0<em>on peut l&rsquo;enfourcher facilement, on peut transporter des choses \u00e0 l&rsquo;avant, il est robuste, on peut transporter quelqu&rsquo;un sur le porte-bagage, c&rsquo;est un v\u00e9ritable tank, impossible de le d\u00e9truire, c&rsquo;est inusable.<\/em>\u00a0\u00bb<\/p>\n<p>Enfin, on apprend qu&rsquo;il existe d\u00e9j\u00e0 700 kilom\u00e8tres de pistes cyclables \u00e0 Amsterdam et qu&rsquo;il est d\u00e9sormais pr\u00e9vu aujourd&rsquo;hui d&rsquo;interdire compl\u00e9tement les voitures dans le centre de la ville \u00e0 l&rsquo;horizon 2030.<\/p>\n<p><iframe loading=\"lazy\" width=\"800\" height=\"450\" src=\"https:\/\/www.youtube.com\/embed\/4dmN7YR-NR4?feature=oembed\" frameborder=\"0\" allow=\"accelerometer; autoplay; encrypted-media; gyroscope; picture-in-picture\" allowfullscreen><\/iframe><\/p>\n","protected":false},"excerpt":{"rendered":"<p>\u00ab\u00a0Deux, trois jours en ville\u00a0\u00bb est une s\u00e9rie de documentaires r\u00e9alis\u00e9s pour la cha\u00eene Voyage. Chaque \u00e9pisode d&rsquo;environ 50 minutes permet de d\u00e9couvrir une grande ville d\u2019Europe d\u2019une mani\u00e8re privil\u00e9gi\u00e9e <a class=\"more-link\" href=\"https:\/\/carfree.fr\/index.php\/2019\/01\/30\/le-velo-a-amsterdam\/\">Lire la suite&#8230;<\/a><\/p>\n","protected":false},"author":37,"featured_media":41672,"comment_status":"open","ping_status":"closed","sticky":false,"template":"","format":"standard","meta":[],"categories":[4,73,7],"tags":[663,646,1770,198,88,1664,648],"views":6299,"_links":{"self":[{"href":"https:\/\/carfree.fr\/index.php\/wp-json\/wp\/v2\/posts\/41671"}],"collection":[{"href":"https:\/\/carfree.fr\/index.php\/wp-json\/wp\/v2\/posts"}],"about":[{"href":"https:\/\/carfree.fr\/index.php\/wp-json\/wp\/v2\/types\/post"}],"author":[{"embeddable":true,"href":"https:\/\/carfree.fr\/index.php\/wp-json\/wp\/v2\/users\/37"}],"replies":[{"embeddable":true,"href":"https:\/\/carfree.fr\/index.php\/wp-json\/wp\/v2\/comments?post=41671"}],"version-history":[{"count":0,"href":"https:\/\/carfree.fr\/index.php\/wp-json\/wp\/v2\/posts\/41671\/revisions"}],"wp:featuredmedia":[{"embeddable":true,"href":"https:\/\/carfree.fr\/index.php\/wp-json\/wp\/v2\/media\/41672"}],"wp:attachment":[{"href":"https:\/\/carfree.fr\/index.php\/wp-json\/wp\/v2\/media?parent=41671"}],"wp:term":[{"taxonomy":"category","embeddable":true,"href":"https:\/\/carfree.fr\/index.php\/wp-json\/wp\/v2\/categories?post=41671"},{"taxonomy":"post_tag","embeddable":true,"href":"https:\/\/carfree.fr\/index.php\/wp-json\/wp\/v2\/tags?post=41671"}],"curies":[{"name":"wp","href":"https:\/\/api.w.org\/{rel}","templated":true}]}}