{"id":41735,"date":"2019-02-12T08:31:04","date_gmt":"2019-02-12T07:31:04","guid":{"rendered":"http:\/\/carfree.fr\/?p=41735"},"modified":"2019-02-12T08:35:52","modified_gmt":"2019-02-12T07:35:52","slug":"franck-page-etudiant-livreur-a-velo-pour-uber-eats-mort-au-travail","status":"publish","type":"post","link":"https:\/\/carfree.fr\/index.php\/2019\/02\/12\/franck-page-etudiant-livreur-a-velo-pour-uber-eats-mort-au-travail\/","title":{"rendered":"Franck Page : \u00c9tudiant, livreur \u00e0 v\u00e9lo pour Uber Eats, mort au travail"},"content":{"rendered":"<p>Franck Page est d\u00e9c\u00e9d\u00e9 alors qu\u2019il livrait une commande pour Uber Eats dans la banlieue bordelaise. <!--more--><\/p>\n<p>En hommage \u00e0 cet \u00e9tudiant de 18 ans, sa famille et de nombreux livreurs \u00e0 v\u00e9lo se sont joints lors d\u2019une marche blanche le 27 janvier \u00e0 Bordeaux.<\/p>\n<p>L\u2019accident qui a eu lieu aux abords d\u2019une bretelle de rocade questionne sur la dangerosit\u00e9 croissante d\u2019un travail d\u00e9j\u00e0 d\u00e9cri\u00e9 pour sa pr\u00e9carit\u00e9.<\/p>\n<p>\u00ab <em>On ne devrait pas mourir en 2019 en France dans le cadre d\u2019un job \u00e9tudiant<\/em>. \u00bb<\/p>\n<p><iframe loading=\"lazy\" width=\"800\" height=\"450\" src=\"https:\/\/www.youtube.com\/embed\/AhZ9K5hhdeA?feature=oembed\" frameborder=\"0\" allow=\"accelerometer; autoplay; encrypted-media; gyroscope; picture-in-picture\" allowfullscreen><\/iframe><\/p>\n<p>Un reportage de Thomas Grandr\u00e9my pour Spread MEDIA <\/p>\n","protected":false},"excerpt":{"rendered":"<p>Franck Page est d\u00e9c\u00e9d\u00e9 alors qu\u2019il livrait une commande pour Uber Eats dans la banlieue bordelaise.<\/p>\n","protected":false},"author":1401,"featured_media":41737,"comment_status":"open","ping_status":"closed","sticky":false,"template":"","format":"standard","meta":[],"categories":[1038,7],"tags":[996,186,1344,719,578,226,178,164,1755,1783,1664],"views":6561,"_links":{"self":[{"href":"https:\/\/carfree.fr\/index.php\/wp-json\/wp\/v2\/posts\/41735"}],"collection":[{"href":"https:\/\/carfree.fr\/index.php\/wp-json\/wp\/v2\/posts"}],"about":[{"href":"https:\/\/carfree.fr\/index.php\/wp-json\/wp\/v2\/types\/post"}],"author":[{"embeddable":true,"href":"https:\/\/carfree.fr\/index.php\/wp-json\/wp\/v2\/users\/1401"}],"replies":[{"embeddable":true,"href":"https:\/\/carfree.fr\/index.php\/wp-json\/wp\/v2\/comments?post=41735"}],"version-history":[{"count":0,"href":"https:\/\/carfree.fr\/index.php\/wp-json\/wp\/v2\/posts\/41735\/revisions"}],"wp:featuredmedia":[{"embeddable":true,"href":"https:\/\/carfree.fr\/index.php\/wp-json\/wp\/v2\/media\/41737"}],"wp:attachment":[{"href":"https:\/\/carfree.fr\/index.php\/wp-json\/wp\/v2\/media?parent=41735"}],"wp:term":[{"taxonomy":"category","embeddable":true,"href":"https:\/\/carfree.fr\/index.php\/wp-json\/wp\/v2\/categories?post=41735"},{"taxonomy":"post_tag","embeddable":true,"href":"https:\/\/carfree.fr\/index.php\/wp-json\/wp\/v2\/tags?post=41735"}],"curies":[{"name":"wp","href":"https:\/\/api.w.org\/{rel}","templated":true}]}}