{"id":41817,"date":"2019-03-04T09:18:32","date_gmt":"2019-03-04T08:18:32","guid":{"rendered":"http:\/\/carfree.fr\/?p=41817"},"modified":"2021-11-03T17:02:39","modified_gmt":"2021-11-03T16:02:39","slug":"on-a-trouve-du-petrole-dans-les-yvelines","status":"publish","type":"post","link":"https:\/\/carfree.fr\/index.php\/2019\/03\/04\/on-a-trouve-du-petrole-dans-les-yvelines\/","title":{"rendered":"On a trouv\u00e9 du p\u00e9trole dans les Yvelines!"},"content":{"rendered":"<p>Un agriculteur des Yvelines a sans doute cru devenir le roi du p\u00e9trole lundi dernier quand il a d\u00e9couvert que le p\u00e9trole s&rsquo;\u00e9coulait directement dans ses champs de colza. M\u00eame pas besoin de forer, le p\u00e9trole coule \u00e0 flot. Ce n&rsquo;est pas Dallas dans le Texas, mais Autouillet dans les Yvelines&#8230; <!--more--><\/p>\n<p>En cause, une fuite sur le pipeline enterr\u00e9 d\u2019\u00cele-de-France (PLIF) qui s\u2019est d\u00e9clench\u00e9e \u00e0 40 kilom\u00e8tres de Paris sur le tron\u00e7on reliant le d\u00e9p\u00f4t de Gargenville (Yvelines) \u00e0 la raffinerie de Grandpuits (Seine-et-Marne), a annonc\u00e9 Total.<\/p>\n<p>Comme pour les manifs, les estimations des d\u00e9g\u00e2ts varient selon les intervenants. Pour le groupe Total, \u00ab\u00a0<em>seul un champ est concern\u00e9<\/em>\u00ab\u00a0. Pour la pr\u00e9fecture, quelque 4 \u00e0 7 hectares de champs sont concern\u00e9s \u00e0 Autouillet, ainsi que des rus dans les communes des Yvelines de Vicq, Boissy-sans-Avoir et Autouillet. La gendarmerie fait, elle, \u00e9tat de neuf \u00e0 douze hectares touch\u00e9s par la pollution. Qui dit mieux?<\/p>\n<p>Pour l&rsquo;estimation de la fuite en litres, le seul chiffre, \u00e0 prendre avec pr\u00e9caution, vient de Total qui parle de 900 m3 de p\u00e9trole brut, soit presque un million de litres. Un million de litres de p\u00e9trole dans les champs, pas s\u00fbr que cela soit tr\u00e8s bon pour les cultures et la biodiversit\u00e9&#8230;<\/p>\n<p>Total, responsable de la fuite, est charg\u00e9 de faire les relev\u00e9s de pollution afin d&rsquo;estimer les besoins de d\u00e9pollution, qui sera elle-m\u00eame r\u00e9alis\u00e9e par Total \u00e9videmment. Circulez, il n&rsquo;y a rien \u00e0 voir, Total s&rsquo;occupe de tout.<\/p>\n<p>Mais pas de probl\u00e8me, la compagnie p\u00e9troli\u00e8re promet de tout nettoyer et de \u00ab\u00a0<em>tout rendre dans le m\u00eame \u00e9tat qu&rsquo;avant<\/em>\u00ab\u00a0&#8230; C&rsquo;est bien simple, ils vont tout nettoyer au karcher&#8230; Voire m\u00eame, ce sera sans doute plus propre apr\u00e8s qu&rsquo;avant vu que cela va nettoyer aussi tous les pesticides balanc\u00e9s par les agriculteurs?<\/p>\n<p>Les agriculteurs concern\u00e9s ne semblent eux pas trop inquiets. Vu les b\u00e9n\u00e9fices colossaux de Total chaque ann\u00e9e, ils vont se faire rembourser leurs r\u00e9coltes perdues rubis sur l&rsquo;ongle. En revanche, \u00ab\u00a0<em>le pr\u00e9judice de la perte de rendement sur plusieurs ann\u00e9es sera plus difficile \u00e0 \u00e9valuer, le sol devra se remettre en place, il va falloir relancer l\u2019activit\u00e9 microbienne<\/em>\u00ab\u00a0.<\/p>\n<p>Aux derni\u00e8res nouvelles, Total s&rsquo;est excus\u00e9 pour le d\u00e9rangement&#8230;<\/p>\n<p>Sources: France Bleu et L&rsquo;Union<\/p>\n","protected":false},"excerpt":{"rendered":"<p>Un agriculteur des Yvelines a sans doute cru devenir le roi du p\u00e9trole lundi dernier quand il a d\u00e9couvert que le p\u00e9trole s&rsquo;\u00e9coulait directement dans ses champs de colza. M\u00eame <a class=\"more-link\" href=\"https:\/\/carfree.fr\/index.php\/2019\/03\/04\/on-a-trouve-du-petrole-dans-les-yvelines\/\">Lire la suite&#8230;<\/a><\/p>\n","protected":false},"author":70,"featured_media":41818,"comment_status":"open","ping_status":"closed","sticky":false,"template":"","format":"standard","meta":[],"categories":[52,6,1037],"tags":[348,45,33,155],"views":6102,"_links":{"self":[{"href":"https:\/\/carfree.fr\/index.php\/wp-json\/wp\/v2\/posts\/41817"}],"collection":[{"href":"https:\/\/carfree.fr\/index.php\/wp-json\/wp\/v2\/posts"}],"about":[{"href":"https:\/\/carfree.fr\/index.php\/wp-json\/wp\/v2\/types\/post"}],"author":[{"embeddable":true,"href":"https:\/\/carfree.fr\/index.php\/wp-json\/wp\/v2\/users\/70"}],"replies":[{"embeddable":true,"href":"https:\/\/carfree.fr\/index.php\/wp-json\/wp\/v2\/comments?post=41817"}],"version-history":[{"count":0,"href":"https:\/\/carfree.fr\/index.php\/wp-json\/wp\/v2\/posts\/41817\/revisions"}],"wp:featuredmedia":[{"embeddable":true,"href":"https:\/\/carfree.fr\/index.php\/wp-json\/wp\/v2\/media\/41818"}],"wp:attachment":[{"href":"https:\/\/carfree.fr\/index.php\/wp-json\/wp\/v2\/media?parent=41817"}],"wp:term":[{"taxonomy":"category","embeddable":true,"href":"https:\/\/carfree.fr\/index.php\/wp-json\/wp\/v2\/categories?post=41817"},{"taxonomy":"post_tag","embeddable":true,"href":"https:\/\/carfree.fr\/index.php\/wp-json\/wp\/v2\/tags?post=41817"}],"curies":[{"name":"wp","href":"https:\/\/api.w.org\/{rel}","templated":true}]}}