{"id":4188,"date":"2009-08-28T08:06:24","date_gmt":"2009-08-28T07:06:24","guid":{"rendered":"http:\/\/carfree.fr\/?p=4188"},"modified":"2021-01-07T16:02:07","modified_gmt":"2021-01-07T15:02:07","slug":"abandonner-la-voiture-cest-laffaire-de-tous-commencons-par-les-autre","status":"publish","type":"post","link":"https:\/\/carfree.fr\/index.php\/2009\/08\/28\/abandonner-la-voiture-cest-laffaire-de-tous-commencons-par-les-autre\/","title":{"rendered":"\u00ab\u00a0Abandonner la voiture, c&rsquo;est l&rsquo;affaire de tous. Commen\u00e7ons par les autres\u00a0\u00bb"},"content":{"rendered":"<p>Aujourd&rsquo;hui, l&rsquo;opinion publique s&rsquo;accorde pour sortir du tout voiture et d\u00e9velopper des solutions alternatives : on assiste \u00e0 un boom des v\u00e9los en libre service, un GreenWashing pas possible de toutes les entreprises. Aux \u00e9lections Europ\u00e9eennes m\u00eame, la France a eu la fibre \u00e9colo! Pourtant, personne n&rsquo;est pr\u00eat \u00e0 agir et \u00e0 faire des petits sacrifices personnels. Et on trouve toujours le moyen de dire que c&rsquo;est la faute aux autres : \u00ab\u00a0haaa si j&rsquo;\u00e9tais l&rsquo;gouvernement\u00a0\u00bb. Je ne sais pas si cette mauvaise foi, celle qui permet de soulager sa conscience est une caract\u00e9ristique purement franco-fran\u00e7aise, mais elle est en tout cas bien ancr\u00e9e dans notre culture!<br \/>\nBref, il est vraiment temps d&rsquo;agir, mais c&rsquo;est pas \u00e0 moi de le faire en premier parce que &#8230;<\/p>\n<p><!--more--><\/p>\n<p>Voici quelques \u00ab\u00a0arguments\u00a0\u00bb classiques illustrant cette mauvaise foi caract\u00e9ristique :<\/p>\n<ul>\n<li><strong>Dans 10 ans, c&rsquo;est bon, il y aura la <a href=\"http:\/\/carfree.fr\/index.php\/2008\/07\/01\/voiture-electrique-mythe-technologique-et-arnaque-ecologique\/\">voiture \u00e9lectrique<\/a> et on sera tranquille! Alors c&rsquo;est pas pour 10 ans.<\/strong><\/li>\n<\/ul>\n<p>Tu penses vraiment que dans 10 ans <a href=\"http:\/\/carfree.fr\/index.php\/2009\/03\/11\/blue-car-la-voiture-electrique-pas-si-verte-que-ca\/\">100% des v\u00e9hicules seront \u00e9lectriques<\/a>? C&rsquo;est vrai que quand j&rsquo;\u00e9tais petit et que je regardais Retour vers le futur II, je m&rsquo;imaginais d\u00e9j\u00e0 en Dolor\u00e9ane volante, qui fonctionne \u00e0 l&rsquo;\u00e9nergie des trognons de pomme!&#8230; Haaa c&rsquo;\u00e9tait le bon temps.<\/p>\n<p>Et aussi, tu penses vraiment que <a href=\"http:\/\/carfree.fr\/index.php\/2009\/05\/08\/la-fin-de-la-voiture-electrique\/\">c&rsquo;est propre l&rsquo;\u00e9nergie \u00e9lectrique<\/a>? On va \u00e9viter de rentrer ici dans des consid\u00e9rations techniques, car de nombreux articles sur Carfree le font d\u00e9j\u00e0, mais r\u00e9fl\u00e9chis 2 min \u00e0 l&rsquo;origine de l&rsquo;\u00e9nergie \u00e9lectrique en France? en Europe? Dans le reste du monde?<\/p>\n<ul>\n<li><strong>Je roule moins que la moyenne des Fran\u00e7ais!<\/strong><\/li>\n<\/ul>\n<p>Oui mais poss\u00e9der une voiture, m\u00eame pour faire 10000 petits km annuels, c&rsquo;est d\u00e9j\u00e0 polluer beaucoup, parce que c&rsquo;est quand m\u00eame utiliser au moins 500L de carburant\/an, une vidange, des pneus et plein d&rsquo;autres choses que je n&rsquo;imagine m\u00eame pas parce que je suis une  bille en m\u00e9canique auto. Et sur ces 10000 km, combien \u00e9taient r\u00e9ellement indispensables? Enfin la moyenne du Fran\u00e7ais, qui tout le monde le sait est un \u00e9colo n\u00e9, n&rsquo;est pas une r\u00e9f\u00e9rence en la mati\u00e8re!<\/p>\n<ul>\n<li><strong>L&rsquo;industrie pollue plus que ma voiture! Alors \u00e7a sert \u00e0 rien que je me limite si les industries font ce qu&rsquo;elles veulent et que les camions roulent autant.<\/strong><\/li>\n<\/ul>\n<p>A vrai dire? je ne connais pas la part r\u00e9elle de l&rsquo;impact du transport devant l&rsquo;industrie, car tous les rapports et les chiffres se contredisent sur le  sujet (Evidemment, ni l&rsquo;industrie, ni le transport ne veut assumer ses  responsabilit\u00e9s et endosser le r\u00f4le du grand m\u00e9chant loup pollueur). N\u00e9anmoins, dis toi que si tu continues \u00e0 rouler inutilement, \u00e0 laisser tourner ton moteur, \u00e0 ne pas changer tes petites habitudes bien ancr\u00e9es &#8230;, i.e \u00e0 ne pas t&rsquo;impliquer, les politiques se diront que tu t&rsquo;en fiches de l&rsquo;\u00e9cologie et ils ne risquent pas d&rsquo;imposer \u00e0 l&rsquo;industrie des normes plus strictes. (Bah oui, ce que veut un politique c&rsquo;est \u00eatre \u00e9lu, et pour cela il fait en gros ce que le peuple souhaite&#8230; du moins il le pr\u00e9tend). Par ailleurs, tu peux aussi boycotter tous les produits industriels qui te semblent sales, les fruits exotiques qui viennent du bout du monde, t&rsquo;engager chez Greenpeace WWF FNE &amp; Cie&#8230; pour lutter contre tous les autres drames \u00e9colos. Car h\u00e9las, il y en a du boulot l\u00e0 dedans (for\u00eats, eau, air, faune, flore etc&#8230;) et l&rsquo;auto n&rsquo;est pas le seul cheval de bataille, et peut \u00eatre pas le pire des fl\u00e9aus. Mais est-ce une raison pour renoncer \u00e0 le combattre?<\/p>\n<p>Mais surtout, abandonner sa voiture,  c&rsquo;est un geste simple et rapide pour :<br \/>\n1- diminuer les productions industrielles automobiles parmi les plus polluantes, et donc lutter contre ces gros c..s d&rsquo;industriels qui polluent sans scrupule. Il para\u00eet que 40% de l&rsquo;\u00e9conomie industrielle repose sur la voiture alors pour le boycott, n&rsquo;h\u00e9sitons plus&#8230;<br \/>\n2- r\u00e9duire les GES, car le transport auto, m\u00eame si personne ne conna\u00eet exactement la part de son impact est tout de m\u00eame nocif et a un impact non n\u00e9gligeable. Il suffit de regarder le site Airparif et le <a href=\"http:\/\/carfree.fr\/index.php\/2009\/08\/07\/alerte-a-lozone-et-alors\/\">nuage de pollution autour de Paris<\/a> ou Grenoble ou Mexico ! C&rsquo;est pas un tout p&rsquo;tit peu la faute aux bagnoles \u00e7a?<\/p>\n<ul>\n<li><strong>Quand je vois tous ces 4&#215;4, et moi mon hybride, je me dis que c&rsquo;est eux qu&rsquo;il faut bl\u00e2mer!<\/strong><\/li>\n<\/ul>\n<p>Si on attend d&rsquo;\u00eatre le plus pollueur pour r\u00e9agir, je crois qu&rsquo;on n&rsquo;agira jamais! Bah oui, il y a les poids lourds, les 4&#215;4, les industries, Total etc&#8230;<br \/>\n(Tu peux aussi te r\u00e9f\u00e9rer \u00e0 l&rsquo;argument suivant, car ton <a href=\"http:\/\/carfree.fr\/index.php\/2009\/02\/21\/le-scandale-ecologique-des-voitures-hybrides\/\">hybride super vert m\u00e9ga plus<\/a> est surement presque tout neuf)<\/p>\n<ul>\n<li><strong>Ma voiture est toute neuve, elle a la prime \u00e9colo cat\u00e9gorie B!<\/strong><\/li>\n<\/ul>\n<p>Ben l\u00e0, grave erreur, tu t&rsquo;es fait avoir. Salet\u00e9 de soci\u00e9t\u00e9 de consommation va! Trois raisons :<br \/>\n1- la construction de ta voiture a n\u00e9cessit\u00e9 300 000 litres d&rsquo;eau potable (soit la consommation d&rsquo;un europ\u00e9en pendant 8 ans et d&rsquo;un africain pendant toute sa vie!), et a g\u00e9n\u00e9r\u00e9 bien <a href=\"http:\/\/carfree.fr\/index.php\/2009\/06\/19\/emissions-grises-de-co2-et-bilan-carbone-de-lautomobile\/\">des tonnes de polluants que ni toi ni moi ne connaissons<\/a> et gaspill\u00e9 beaucoup d&rsquo;\u00e9nergie! Bref, tu n&rsquo;es pas pr\u00eat d&rsquo;amortir ton erreur!<br \/>\n2- De nombreux constructeurs (Tous en fait) surfent sur la vague du CO2 et produisent des mod\u00e8les qui \u00e9mettent peu de CO2 mais une quantit\u00e9 monstre des autres polluants. Bref, le 119g C02\/km, c&rsquo;est une arnaque bas\u00e9e sur l&rsquo;ignorance des gens \u00e0 propos des 10000 polluants qui sortent du pot d&rsquo;\u00e9chappement et d&rsquo;ailleurs. En gros, on nous prend pour ces c..s(ommateurs). A c\u00f4t\u00e9 de \u00e7a, il font beaucoup de bruit sur la mythique voiture propre hybride eco2 multi vert m\u00e9ga plus et continuent \u00e0 vendre des 4&#215;4 en katimini \u00e0 ton voisin qui lui n&rsquo;a pas la fibre \u00e9colo comme toi et qui en plus se contrefiche de payer le malus parce qu&rsquo;il est p\u00e9t\u00e9 de thune et qu&rsquo;il a un <a href=\"http:\/\/carfree.fr\/index.php\/2009\/07\/24\/la-pollution-automobile-altere-le-qi\/\">QI inversement proportionnel a son compte en banque <\/a>!<br \/>\nPire m\u00eame, certains 4&#215;4 \u00ab\u00a0urbains\u00a0\u00bb ont un r\u00e9glage moteur tel qu&rsquo;ils rejettent le maximum de CO2 autoris\u00e9 pour ne pas \u00eatre maluss\u00e9s. Les vendeur autos appellent \u00e7a le 4&#215;4 propre.<br \/>\n3- En voiture, quoi que tu en dises, tu pollueras toujours plus qu&rsquo;en bus ou en train ou \u00e0 v\u00e9lo ou \u00e0 pieds! Tu prendras beaucoup de place sur la route pour rien ou pas grand chose, tu seras indirectement responsable de la construction de la <a href=\"http:\/\/carfree.fr\/index.php\/2009\/06\/23\/eco-autoroute-a19-greenwashing-a-tous-les-etages\/\">nouvelle rocade pour d\u00e9sengorger M\u00e9galopolis<\/a>.<\/p>\n<ul>\n<li><strong>Prendre ma voiture, c&rsquo;est moins cher<\/strong><\/li>\n<\/ul>\n<p>Je ne vais pas argumenter l\u00e0 dessus, il y a foule d&rsquo;articles sur le sujet. Tout d\u00e9pend comment tu comptes : les \u00ab\u00a0mauvaise foi\u00a0\u00bb comptent seulement l&rsquo;essence. S\u00e2che juste pour rappel qu&rsquo;un fran\u00e7ais d\u00e9pense environ 6000 eur\/ an dans sa voiture, soit 0.49eur\/km tout compris. C&rsquo;est de loin <a href=\"http:\/\/carfree.fr\/index.php\/2009\/07\/28\/deplacements-une-question-de-couts\/\">le moyen de transport le plus co\u00fbteux<\/a>, et aussi le plus co\u00fbteux \u00e0 la soci\u00e9t\u00e9, si on y ajoute les imp\u00f4ts!<\/p>\n<ul>\n<li><strong>S&rsquo;il y avait des transports en commun dignes de ce nom, et pas satur\u00e9s, peut \u00eatre que j&rsquo;abandonnerais ma voiture! C&rsquo;est aux pouvoirs publics d&rsquo;agir.<\/strong><\/li>\n<\/ul>\n<p>Si la ligne est r\u00e9ellement sursatur\u00e9e, on en mettra s\u00fbrement plus \u00e0 disposition. Les imp\u00f4ts servent \u00e0 \u00e7a. Aujourd&rsquo;hui, vu que la majorit\u00e9 des gens utilisent leur voiture et les routes, et peu les TEC, on finance majoritairement les routes et peu les TEC. (Si les politiques faisaient le contraire, tout le monde r\u00e2lerait de l&rsquo;\u00e9tat lamentable des routes et s&rsquo;opposerait fermement \u00e0 cette \u00ab\u00a0mise en place inadmissible du p\u00e9age urbain\u00a0\u00bb et de \u00ab\u00a0l&rsquo;augmentation du prix du parcm\u00e8tre\u00a0\u00bb et byebye la r\u00e9election du politique)<br \/>\nBref, si on sature plus encore une ligne satur\u00e9e en empruntant cette ligne en masse, et que l&rsquo;on r\u00e9clame toujours plus aupr\u00e8s des pouvoirs publics, beaucoup plus d&rsquo;argent sera investi dans le TEC et la qualit\u00e9 s&rsquo;am\u00e9liorera! Dans le cas contraire, <a href=\"http:\/\/carfree.fr\/index.php\/2009\/04\/04\/du-concept-de-deficit-en-milieu-ferroviaire\/\">on fermera la ligne comme on l&rsquo;a fait r\u00e9cemment pour les petites gares SNCF <\/a>en milieu rural, comme on l&rsquo;a fait pour les 70km de tram \u00e0 Marseille au d\u00e9but du XX\u00e8 si\u00e8cle, et dans bien d&rsquo;autres villes aussi.<br \/>\nEt puis, si comme pas mal de gens tu habites \u00e0 moins de 12km de ton lieu de travail, le v\u00e9lo c&rsquo;est agr\u00e9able aussi! A allure tranquille, \u00e7a ne fait pas ou peu transpirer, c&rsquo;est bon pour la sant\u00e9, c&rsquo;est pas dangereux si on ne roule pas comme un imb\u00e9cile et qu&rsquo;on sait s&rsquo;imposer au milieu des voitures. Et pour la pluie? Allez voir \u00e0 <a href=\"http:\/\/carfree.fr\/index.php\/2009\/06\/25\/amsterdam-le-paradis-du-velo\/\">Amsterdam<\/a>!<\/p>\n<ul>\n<li><strong>Oui, mais moi j&rsquo;habite loin, je dois faire 20 bornes pour trouver un bus qui passe une fois le matin, une fois le soir, 30km pour une gare pas mieux desservie, et j&rsquo;ai 400m de d\u00e9nivel\u00e9 pour aller en ville.<\/strong><\/li>\n<\/ul>\n<p>Dans ce cas, tu n&rsquo;es vraiment pas favoris\u00e9! Mais tu es un cas plut\u00f4t minoritaire en France, s\u00e2che le. <a href=\"http:\/\/fr.wikipedia.org\/wiki\/D%C3%A9mographie_de_la_France\">(La moiti\u00e9 de la population vit dans les 50 plus grandes agglos en France).<\/a> Une voiture te sera surement utile \u00e0 certains moments de ta vie, il faut bien l&rsquo;admettre. Mais avant d&rsquo;en faire un usage purement individuel et \u00e9go\u00efste comme tout le monde, renseigne toi si dans ton hameau, ton lieu dit, ton village etc.. tu ne peux pas faire du covoiturage pour le boulot, ou de l&rsquo;autopartage avec un voisin etc &#8230; Sois raisonnable!<\/p>\n<p><img decoding=\"async\" loading=\"lazy\" class=\"alignnone\" src=\"https:\/\/www.worldcarfree.net\/resources\/freesources\/gb\/SINGRODZ.jpg\" alt=\"\" width=\"420\" height=\"200\" \/><\/p>\n<ul>\n<li><strong>L&rsquo;\u00e9cologie, c&rsquo;est nul, je m&rsquo;en tape.<\/strong><\/li>\n<\/ul>\n<p>Ben l\u00e0, je peux plus rien pour toi. C&rsquo;est dommage que tu ne penses pas un peu \u00e0 l&rsquo;avenir de tes enfants et futurs petits enfants. Et aussi au mien. Dis toi que <a href=\"http:\/\/carfree.fr\/index.php\/2009\/06\/06\/automobile-co2-et-concentrations-de-polluants\/\">je ne souhaite pas respirer tes d\u00e9chets<\/a> et que je ne suis surement pas le seul! Gros d\u00e9gueulasse va!<\/p>\n<p>Bref, en un mot, c&rsquo;est \u00e0 tout le monde d&rsquo;AGIR ! Agir, c&rsquo;est comme voter, \u00e7a peut para\u00eetre anodin, inutile, une goutte d&rsquo;eau dans l&rsquo;oc\u00e9an, mais put&#8230; de bord.. de couil.. de gnou, c&rsquo;est \u00e7a qui fera avancer les choses!<br \/>\n<img decoding=\"async\" loading=\"lazy\" class=\"alignnone\" src=\"https:\/\/www.worldcarfree.net\/resources\/freesources\/gb\/JETECAR.jpg\" alt=\"\" width=\"50\" height=\"75\" \/><br \/>\nH\u00e9las, le fran\u00e7ais de base a beaucoup d&rsquo;estime de soi et il aime tellement la mauvaise foi qu&rsquo;on va devoir le forcer \u00e0 (r\u00e9)agir en se servant dans son porte monnaie : et <a href=\"http:\/\/carfree.fr\/index.php\/2009\/07\/22\/rocard-la-taxe-carbone-et-la-decroissance\/\">Rocard cr\u00e9a la taxe carbone<\/a>.<\/p>\n","protected":false},"excerpt":{"rendered":"<p>Aujourd&rsquo;hui, l&rsquo;opinion publique s&rsquo;accorde pour sortir du tout voiture et d\u00e9velopper des solutions alternatives : on assiste \u00e0 un boom des v\u00e9los en libre service, un GreenWashing pas possible de <a class=\"more-link\" href=\"https:\/\/carfree.fr\/index.php\/2009\/08\/28\/abandonner-la-voiture-cest-laffaire-de-tous-commencons-par-les-autre\/\">Lire la suite&#8230;<\/a><\/p>\n","protected":false},"author":111,"featured_media":36451,"comment_status":"open","ping_status":"open","sticky":false,"template":"","format":"standard","meta":[],"categories":[4,73,77,6,9,124,8,7],"tags":[1709,183,32,128,360,56,694,287,33,681,119,601,131,363,418],"views":10006,"_links":{"self":[{"href":"https:\/\/carfree.fr\/index.php\/wp-json\/wp\/v2\/posts\/4188"}],"collection":[{"href":"https:\/\/carfree.fr\/index.php\/wp-json\/wp\/v2\/posts"}],"about":[{"href":"https:\/\/carfree.fr\/index.php\/wp-json\/wp\/v2\/types\/post"}],"author":[{"embeddable":true,"href":"https:\/\/carfree.fr\/index.php\/wp-json\/wp\/v2\/users\/111"}],"replies":[{"embeddable":true,"href":"https:\/\/carfree.fr\/index.php\/wp-json\/wp\/v2\/comments?post=4188"}],"version-history":[{"count":0,"href":"https:\/\/carfree.fr\/index.php\/wp-json\/wp\/v2\/posts\/4188\/revisions"}],"wp:featuredmedia":[{"embeddable":true,"href":"https:\/\/carfree.fr\/index.php\/wp-json\/wp\/v2\/media\/36451"}],"wp:attachment":[{"href":"https:\/\/carfree.fr\/index.php\/wp-json\/wp\/v2\/media?parent=4188"}],"wp:term":[{"taxonomy":"category","embeddable":true,"href":"https:\/\/carfree.fr\/index.php\/wp-json\/wp\/v2\/categories?post=4188"},{"taxonomy":"post_tag","embeddable":true,"href":"https:\/\/carfree.fr\/index.php\/wp-json\/wp\/v2\/tags?post=4188"}],"curies":[{"name":"wp","href":"https:\/\/api.w.org\/{rel}","templated":true}]}}