{"id":41900,"date":"2019-03-18T09:10:24","date_gmt":"2019-03-18T08:10:24","guid":{"rendered":"http:\/\/carfree.fr\/?p=41900"},"modified":"2021-03-01T09:37:09","modified_gmt":"2021-03-01T08:37:09","slug":"pollution-de-lair-67-000-morts-par-an","status":"publish","type":"post","link":"https:\/\/carfree.fr\/index.php\/2019\/03\/18\/pollution-de-lair-67-000-morts-par-an\/","title":{"rendered":"Pollution de l&rsquo;air: 67.000 morts par an"},"content":{"rendered":"<p>Pendant longtemps, les chercheurs et les pouvoirs publics fran\u00e7ais parlaient d&rsquo;environ 48.000 morts par an li\u00e9s \u00e0 la pollution de l&rsquo;air en France. Selon une \u00e9tude allemande in\u00e9dite, les particules fines seraient en fait \u00e0 l\u2019origine de 67.000 morts par an en France, soit environ 40% de plus que ce que l&rsquo;on pensait auparavant. <!--more--><\/p>\n<p>Selon un <a href=\"https:\/\/www.lemonde.fr\/planete\/article\/2019\/03\/12\/la-pollution-de-l-air-tue-deux-fois-plus-que-prevu_5435029_3244.html\" target=\"_blank\" rel=\"noopener\">article du journal Le Monde<\/a> du 12 mars 2019 relatant une \u00e9tude publi\u00e9e dans l\u2019European Heart Journal, \u00ab\u00a0<em>le nombre des victimes a jusqu\u2019ici \u00e9t\u00e9 tr\u00e8s largement sous-estim\u00e9<\/em>.\u00a0\u00bb<\/p>\n<p>La revue m\u00e9dicale de la Soci\u00e9t\u00e9 europ\u00e9enne de cardiologie conclut en effet que la pollution de l&rsquo;air serait \u00e0 l\u2019origine d\u2019environ 800 000 morts pr\u00e9matur\u00e9es en Europe chaque ann\u00e9e, dont 67.000 morts par an en France. Un bilan sinistre, qui atteint pr\u00e8s de 9 millions \u00e0 l\u2019\u00e9chelle de la plan\u00e8te. Des chiffres deux fois sup\u00e9rieurs aux derni\u00e8res estimations officielles.<\/p>\n<p>\u00ab <em>Pour mettre ces r\u00e9sultats en perspective, cela signifie que la pollution de l\u2019air fait plus de morts chaque ann\u00e9e que le tabac, responsable de 7,2 millions de d\u00e9c\u00e8s selon l\u2019OMS <\/em>\u00bb, commente l\u2019un des auteurs, Thomas M\u00fcnzel, de l\u2019universit\u00e9 de Mayence (Allemagne), qui fait remarquer qu\u2019\u00ab <em>on peut \u00e9viter de fumer, pas de respirer un air pollu\u00e9<\/em>. \u00bb<\/p>\n<p>Pour parvenir \u00e0 ces r\u00e9sultats fortement r\u00e9vis\u00e9s \u00e0 la hausse, les chercheurs ont construit un nouvel outil statistique. Appel\u00e9 \u00ab Global Exposure Mortality Model \u00bb (GEMM), il permet une analyse plus pouss\u00e9e que le \u00ab Global Burden of Disease \u00bb (\u00ab fardeau mondial de morbidit\u00e9 \u00bb) utilis\u00e9 par l\u2019OMS. Le GEMM s\u2019appuie sur pas moins de 41 \u00e9tudes de cohortes men\u00e9es dans seize pays et combine trois s\u00e9ries de donn\u00e9es : niveaux d\u2019exposition \u00e0 la pollution, densit\u00e9 et \u00e2ge des populations, effets sanitaires.<\/p>\n<p>Autre conclusion forte de l\u2019\u00e9tude : contrairement \u00e0 ce que l\u2019on pourrait penser, les principales causes de d\u00e9c\u00e8s li\u00e9es \u00e0 l\u2019exposition \u00e0 un air toxique ne sont pas \u00e0 chercher du c\u00f4t\u00e9 des maladies du syst\u00e8me respiratoire, comme le cancer du poumon, mais des pathologies cardiovasculaires.<\/p>\n<p>Les scientifiques estiment ainsi qu\u2019entre 40 % et 80 % de ces d\u00e9c\u00e8s sont dus \u00e0 des infarctus et \u00e0 des accidents vasculaires c\u00e9r\u00e9braux (AVC). Les particules fines ne s\u2019arr\u00eatent pas aux voies respiratoires mais p\u00e9n\u00e8trent profond\u00e9ment dans l\u2019organisme par le syst\u00e8me sanguin jusqu\u2019au c\u0153ur et au cerveau. Les auteurs rappellent que l\u2019exposition \u00e0 long terme aux PM2,5 augmente de 13 % les risques de d\u00e9velopper des pathologies coronariennes par palier de 5 microgramme (\u00b5g)\/m3.<\/p>\n<p>En milieu urbain, les particules fines sont principalement li\u00e9es aux \u00e9missions des voitures et \u00e0 la combustion des chaudi\u00e8res au fioul.<\/p>\n<p><em>Edit f\u00e9vrier 2021: Selon les derni\u00e8res \u00e9tudes disponibles, la pollution de l&rsquo;air serait en fait \u00e0 l\u2019origine de <a href=\"http:\/\/carfree.fr\/index.php\/2021\/02\/19\/pollution-de-lair-100-000-morts-par-an-en-france\/\" target=\"_blank\" rel=\"noopener\">100.000 morts par an en France<\/a>, soit 17,3 % de l\u2019ensemble des d\u00e9c\u00e8s chaque ann\u00e9e.<\/em><\/p>\n","protected":false},"excerpt":{"rendered":"<p>Pendant longtemps, les chercheurs et les pouvoirs publics fran\u00e7ais parlaient d&rsquo;environ 48.000 morts par an li\u00e9s \u00e0 la pollution de l&rsquo;air en France. Selon une \u00e9tude allemande in\u00e9dite, les particules <a class=\"more-link\" href=\"https:\/\/carfree.fr\/index.php\/2019\/03\/18\/pollution-de-lair-67-000-morts-par-an\/\">Lire la suite&#8230;<\/a><\/p>\n","protected":false},"author":70,"featured_media":41901,"comment_status":"open","ping_status":"closed","sticky":false,"template":"","format":"standard","meta":[],"categories":[1037],"tags":[244,193,804,425,578,33,211,320],"views":14550,"_links":{"self":[{"href":"https:\/\/carfree.fr\/index.php\/wp-json\/wp\/v2\/posts\/41900"}],"collection":[{"href":"https:\/\/carfree.fr\/index.php\/wp-json\/wp\/v2\/posts"}],"about":[{"href":"https:\/\/carfree.fr\/index.php\/wp-json\/wp\/v2\/types\/post"}],"author":[{"embeddable":true,"href":"https:\/\/carfree.fr\/index.php\/wp-json\/wp\/v2\/users\/70"}],"replies":[{"embeddable":true,"href":"https:\/\/carfree.fr\/index.php\/wp-json\/wp\/v2\/comments?post=41900"}],"version-history":[{"count":0,"href":"https:\/\/carfree.fr\/index.php\/wp-json\/wp\/v2\/posts\/41900\/revisions"}],"wp:featuredmedia":[{"embeddable":true,"href":"https:\/\/carfree.fr\/index.php\/wp-json\/wp\/v2\/media\/41901"}],"wp:attachment":[{"href":"https:\/\/carfree.fr\/index.php\/wp-json\/wp\/v2\/media?parent=41900"}],"wp:term":[{"taxonomy":"category","embeddable":true,"href":"https:\/\/carfree.fr\/index.php\/wp-json\/wp\/v2\/categories?post=41900"},{"taxonomy":"post_tag","embeddable":true,"href":"https:\/\/carfree.fr\/index.php\/wp-json\/wp\/v2\/tags?post=41900"}],"curies":[{"name":"wp","href":"https:\/\/api.w.org\/{rel}","templated":true}]}}