{"id":42115,"date":"2019-05-10T08:17:35","date_gmt":"2019-05-10T07:17:35","guid":{"rendered":"http:\/\/carfree.fr\/?p=42115"},"modified":"2019-05-10T08:18:34","modified_gmt":"2019-05-10T07:18:34","slug":"en-voiture","status":"publish","type":"post","link":"https:\/\/carfree.fr\/index.php\/2019\/05\/10\/en-voiture\/","title":{"rendered":"En voiture !"},"content":{"rendered":"<p>Et voil\u00e0, vous avez gagn\u00e9 \u00e0 la grande tombola de l\u2019\u00e9t\u00e9, bravo! Par contre, vous \u00eates pass\u00e9 \u00e0 c\u00f4t\u00e9 de la croisi\u00e8re sur la M\u00e9diterran\u00e9e et des trottinettes \u00e9lectriques, en effet vous avez gagn\u00e9\u2026 Une voiture! <!--more--><\/p>\n<p>Mais r\u00e9jouissez-vous, rouler en voiture poss\u00e8de certains avantages inattendus que voici:<\/p>\n<p><b>Avantage 1: je peux arriver en retard au boulot !<\/b><\/p>\n<p>Les cyclistes le savent bien, leur temps de parcours n\u2019est peut-\u00eatre pas le plus court (quoique\u2026) mais est toujours le m\u00eame, \u00e0 30 secondes pr\u00e8s selon le sens du vent. Donc le moindre retard (crevaison, panne de r\u00e9veil) n\u2019est pas cr\u00e9dible et sera au moins chambr\u00e9, au pire r\u00e9primand\u00e9.<\/p>\n<p>Pour les usagers des transports en commun, l\u00e0 les retards seront bien moins appr\u00e9ci\u00e9s par votre patron. Cela peut m\u00eame \u00eatre un motif de licenciement, et puis vous donnez une mauvaise image de l\u2019entreprise en partant \u00e0 pied&#8230;<\/p>\n<p>Par contre, si vous venez en voiture, alors le fameux \u201c<em>j\u2019\u00e9tais pris dans les bouchons, ohl\u00e0l\u00e0 y\u2019a eu un gros accident sur l\u2019A78<\/em>\u201d devient un motif de retard tout \u00e0 fait valide et accept\u00e9 par tous. Certains iront m\u00eame jusqu\u2019\u00e0 vous plaindre et compatir, m\u00eame si cela vous arrive 3 fois par semaine; \u201c<em>Ohl\u00e0l\u00e0 45 minutes pour faire 2km, dur dur, pauvre de toi<\/em>\u201d<\/p>\n<p><b>Avantage 2: je gagne + \u00e0 la fin du mois!<\/b><\/p>\n<p>En effet, pour ceux qui sont salari\u00e9s et imposables (et si vous avez une voiture c\u2019est que vous l\u2019\u00eates s\u00fbrement), au plus vous roulez en voiture, au plus vous r\u00e9duisez vos imp\u00f4ts! Et encore mieux, plus votre voiture est grosse (c\u2019est-\u00e0-dire pollue), plus grosse sera la r\u00e9duction! Du coup, n\u2019h\u00e9sitez plus, d\u00e9m\u00e9nagez au plus loin de votre travail. Par exemple si vous \u00eates \u00e0 50km de votre travail, vous pouvez d\u00e9duire 8600\u20ac avec un v\u00e9hicule de 6cv. Donc, si vous \u00eates dans la tranche \u201c30%\u201d, hop \u00e7a vous fera 2500\u20ac de moins \u00e0 verser pour l\u2019Etat fran\u00e7ais.<\/p>\n<p>Et dire que quand vous preniez les transports en commun, on vous remboursait \u00e0 peine la moit\u00e9 de votre abonnement (20\u20ac\/mois, donc 240\u20ac par an\u2026). Ou pire, quand vous veniez \u00e0 pied ou \u00e0 v\u00e9lo tel le pire des prolos, l\u00e0 on vous donnait rien du tout\u2026<\/p>\n<p><b>Avantage 3: je peux violer la loi en toute impunit\u00e9 !<\/b><\/p>\n<p>Autant \u00e7a choquerait votre entourage de savoir que vous prenez le bus en fraude, autant en voiture ne pas payer pour sa place de parking est tout naturel! Et si jamais vous vous faites pincer (\u201c<em>ohl\u00e0l\u00e0 20\u20ac d\u2019amende, quel racket, les en&#8230;s<\/em>\u201d), c\u2019est que franchement vous n\u2019\u00eates pas dou\u00e9: g\u00e9n\u00e9ralement les places sont gratuites le soir et le week-end, et si vous \u00eates dans une ville o\u00f9 le contr\u00f4le est priv\u00e9, vous pouvez vous garer sur un trottoir, une piste cyclable ou un passage pi\u00e9ton, vous ne craignez rien! (les agents priv\u00e9s ne peuvent pas dresser d\u2019amende de 2\u00e8me cat\u00e9gorie ou plus, qui rel\u00e8vent du tribunal de police qui ne se d\u00e9place plus\u2026)<\/p>\n<p><img decoding=\"async\" loading=\"lazy\" class=\"alignnone size-full wp-image-42130\" src=\"http:\/\/carfree.fr\/img\/2019\/05\/stationnement-1.jpg\" alt=\"\" width=\"600\" height=\"337\" \/><br \/>\n<img decoding=\"async\" loading=\"lazy\" class=\"alignnone size-full wp-image-42131\" src=\"http:\/\/carfree.fr\/img\/2019\/05\/stationnement-2.jpg\" alt=\"\" width=\"600\" height=\"337\" \/><\/p>\n<p>Idem pour la vitesse, apr\u00e8s tout votre voiture peut rouler \u00e0 200 en tout confort, alors pourquoi se contenter de la vitesse inscrite sur les panneaux? En plus les radars sont indiqu\u00e9s, et si jamais vous n\u2019avez pas vu le panneau, vous avez de tr\u00e8s bonnes chances que vos nouveaux amis bagnolards se soient occup\u00e9s de saccager ledit radar. Donc pas de risque!<\/p>\n<p><img decoding=\"async\" loading=\"lazy\" class=\"alignnone size-full wp-image-42132\" src=\"http:\/\/carfree.fr\/img\/2019\/05\/radar-1.jpg\" alt=\"\" width=\"600\" height=\"337\" \/><br \/>\n<img decoding=\"async\" loading=\"lazy\" class=\"alignnone size-full wp-image-42133\" src=\"http:\/\/carfree.fr\/img\/2019\/05\/radar-2.jpg\" alt=\"\" width=\"600\" height=\"399\" srcset=\"https:\/\/carfree.fr\/img\/2019\/05\/radar-2.jpg 600w, https:\/\/carfree.fr\/img\/2019\/05\/radar-2-400x267.jpg 400w\" sizes=\"(max-width: 600px) 100vw, 600px\" \/><\/p>\n<p>On imagine de suite si on faisait la m\u00eame chose en transports en commun, entre la pr\u00e9venance d\u2019un contr\u00f4le et un massacrage coll\u00e9gial des portiques anti-fraude. Euh, non en fait c\u2019est pas cr\u00e9dible, vous n\u2019avez qu\u2019\u00e0 payer bande de pauvres!<\/p>\n<p><img decoding=\"async\" loading=\"lazy\" class=\"alignnone size-full wp-image-42134\" src=\"http:\/\/carfree.fr\/img\/2019\/05\/bus-1.jpg\" alt=\"\" width=\"600\" height=\"384\" \/><br \/>\n<img decoding=\"async\" loading=\"lazy\" class=\"alignnone size-full wp-image-42136\" src=\"http:\/\/carfree.fr\/img\/2019\/05\/controle-gilet-jaune.jpg\" alt=\"\" width=\"600\" height=\"450\" \/><br \/>\n<em>Ces 2 derni\u00e8res photos sont \u00e9videmment des (grossiers) montages.<\/em><\/p>\n<p>De toute fa\u00e7on, au pire en voiture si \u00e7a finit tr\u00e8s mal pour d\u2019autres, <a href=\"http:\/\/carfree.fr\/index.php\/2017\/10\/24\/en-2017-on-continue-a-tuer-sans-aller-en-prison\/\" target=\"_blank\" rel=\"noopener\">\u00e7a ne se finira pas en prison pour vous<\/a><\/p>\n<p><b>Avantage 4: 100 m2 d\u2019espace b\u00e9tonn\u00e9 pour moi tout seul! <\/b><\/p>\n<p>Un peu de math\u00e9matiques: on compte en France 1 million de kilom\u00e8tres de routes pour 40 millions de voitures. Donc 25 m\u00e8tres de route par voiture, une route faisant 4 m\u00e8tres de large, on arrive \u00e0 100 m2 d\u2019espace b\u00e9tonn\u00e9 auquel vous n\u2019aviez pas acc\u00e8s auparavant, sans compter les espaces de parking. C\u2019est plus grand que votre appartement! Le plus beau, c\u2019est que vous n\u2019avez rien \u00e0 payer pour tout cet espace qui vous est attribu\u00e9, l\u2019entretien \u00e9tant d\u00e9j\u00e0 pris en charge par tous. Pourquoi s\u2019en priver?<\/p>\n<p><b>Avantage 5: sur la route, j\u2019ai toujours raison !<\/b><\/p>\n<p>Et oui, derri\u00e8re vos porti\u00e8res \u00e9paisses et calfeutr\u00e9es vous n\u2019entendez pas grand chose du monde qui vous entoure. Bonne raison pour vous exprimer \u00e0 grands coups de klaxons ravageurs, maugr\u00e9ant ce cycliste qui vous ralentit et ne roule pas sur le trottoir comme il devrait, ou encore celui-l\u00e0 qui grille le feu en tournant \u00e0 droite, ou encore ce pi\u00e9ton qui ose traverser devant vous. Brisez leur les tympans, donnez leur une bonne le\u00e7on acoustique, de toutes fa\u00e7ons vous n\u2019entendrez pas leur r\u00e9ponse, et s\u2019ils veulent en venir aux mains ils se heurteront \u00e0 la solidit\u00e9 de votre carrosserie.<\/p>\n<p>PS: cet article est un condens\u00e9 de diverses exp\u00e9riences de l\u2019auteur, et ne fait que ressasser son v\u00e9cu personnel. Il n\u2019est en aucun cas g\u00e9n\u00e9ralisable&#8230;<\/p>\n","protected":false},"excerpt":{"rendered":"<p>Et voil\u00e0, vous avez gagn\u00e9 \u00e0 la grande tombola de l\u2019\u00e9t\u00e9, bravo! Par contre, vous \u00eates pass\u00e9 \u00e0 c\u00f4t\u00e9 de la croisi\u00e8re sur la M\u00e9diterran\u00e9e et des trottinettes \u00e9lectriques, en <a class=\"more-link\" href=\"https:\/\/carfree.fr\/index.php\/2019\/05\/10\/en-voiture\/\">Lire la suite&#8230;<\/a><\/p>\n","protected":false},"author":1582,"featured_media":42128,"comment_status":"open","ping_status":"closed","sticky":false,"template":"","format":"standard","meta":[],"categories":[52,165,77,6,1038],"tags":[846,434,178,215,131,144],"views":7435,"_links":{"self":[{"href":"https:\/\/carfree.fr\/index.php\/wp-json\/wp\/v2\/posts\/42115"}],"collection":[{"href":"https:\/\/carfree.fr\/index.php\/wp-json\/wp\/v2\/posts"}],"about":[{"href":"https:\/\/carfree.fr\/index.php\/wp-json\/wp\/v2\/types\/post"}],"author":[{"embeddable":true,"href":"https:\/\/carfree.fr\/index.php\/wp-json\/wp\/v2\/users\/1582"}],"replies":[{"embeddable":true,"href":"https:\/\/carfree.fr\/index.php\/wp-json\/wp\/v2\/comments?post=42115"}],"version-history":[{"count":0,"href":"https:\/\/carfree.fr\/index.php\/wp-json\/wp\/v2\/posts\/42115\/revisions"}],"wp:featuredmedia":[{"embeddable":true,"href":"https:\/\/carfree.fr\/index.php\/wp-json\/wp\/v2\/media\/42128"}],"wp:attachment":[{"href":"https:\/\/carfree.fr\/index.php\/wp-json\/wp\/v2\/media?parent=42115"}],"wp:term":[{"taxonomy":"category","embeddable":true,"href":"https:\/\/carfree.fr\/index.php\/wp-json\/wp\/v2\/categories?post=42115"},{"taxonomy":"post_tag","embeddable":true,"href":"https:\/\/carfree.fr\/index.php\/wp-json\/wp\/v2\/tags?post=42115"}],"curies":[{"name":"wp","href":"https:\/\/api.w.org\/{rel}","templated":true}]}}