{"id":42165,"date":"2019-05-21T08:47:13","date_gmt":"2019-05-21T07:47:13","guid":{"rendered":"http:\/\/carfree.fr\/?p=42165"},"modified":"2019-05-21T08:47:13","modified_gmt":"2019-05-21T07:47:13","slug":"la-plate-forme-pour-velos","status":"publish","type":"post","link":"https:\/\/carfree.fr\/index.php\/2019\/05\/21\/la-plate-forme-pour-velos\/","title":{"rendered":"La plate-forme pour v\u00e9los"},"content":{"rendered":"<p>Invent\u00e9 \u00e0 Rotterdam aux Pays-Bas, le \u00ab\u00a0fietsvlonder\u00a0\u00bb est une plate-forme qui remplace temporairement une voiture par un parking \u00e0 v\u00e9los. Son installation dure trois \u00e0 six mois et en cas de succ\u00e8s, le changement devient permanent! <!--more--><\/p>\n<p>La municipalit\u00e9 de Rotterdam a remport\u00e9 un prix de l&rsquo;Innovation en 2018 pour ses plateformes provisoires de stationnement v\u00e9lo. Les rampes sont am\u00e9nag\u00e9es sur des places de stationnement pour voitures, afin de d\u00e9terminer si des places de stationnement pour v\u00e9los suppl\u00e9mentaires sont n\u00e9cessaires dans un quartier.<\/p>\n<p><strong>Plate-forme de v\u00e9lo prim\u00e9e<\/strong><\/p>\n<p>La municipalit\u00e9 de Rotterdam a re\u00e7u le prix Tour de Force Innovation 2018, pr\u00e9sent\u00e9 lors du Congr\u00e8s national du v\u00e9lo. La plate-forme pour v\u00e9los a \u00e9t\u00e9 initialement construite en bois et est maintenant en mat\u00e9riaux plastiques. Comment \u00e7a marche? La plate-forme abrite dix supports \u00e0 v\u00e9los o\u00f9 vous pouvez vous garer. La plate-forme est ensuite plac\u00e9e sur une place de parking automobile pendant trois \u00e0 six mois, g\u00e9n\u00e9ralement \u00e0 la demande d&rsquo;un r\u00e9sident ou d&rsquo;un entrepreneur. Au cours de cette p\u00e9riode, la municipalit\u00e9 examinera si des places de stationnement pour v\u00e9los suppl\u00e9mentaires sont effectivement n\u00e9cessaires et si le quartier accepte que cela entra\u00eenera une r\u00e9duction du nombre de places de stationnement pour la voiture.<\/p>\n<p>Si la plate-forme est utilis\u00e9e correctement et que des plaintes ne sont pas re\u00e7ues, l\u2019espace de stationnement pour voitures sera supprim\u00e9. La municipalit\u00e9 augmente ensuite l&rsquo;espace de stationnement jusqu&rsquo;au niveau du trottoir et place des supports \u00e0 v\u00e9los permanents. Initialement, le projet avait d\u00e9marr\u00e9 dans le centre-ville. D\u00e9sormais, les plates-formes pour v\u00e9los se trouvent \u00e9galement dans les quartiers p\u00e9riph\u00e9riques et des dizaines de plates-formes sont utilis\u00e9es. Jusqu&rsquo;\u00e0 pr\u00e9sent, 21 places de stationnement dans 15 rues ont \u00e9t\u00e9 converties en 105 supports \u00e0 v\u00e9los. Les racks offrent un espace pour 210 v\u00e9los, \u00e9crit la municipalit\u00e9.<\/p>\n<p><strong>Rapport du jury<\/strong><\/p>\n<p>Le jury a comment\u00e9 l\u2019effet de la plateforme sur le nombre de places de stationnement pour v\u00e9los et que celles-ci peuvent \u00eatre r\u00e9alis\u00e9es relativement facilement. Et pas seulement \u00e7a. \u00ab\u00a0<em>L\u2019effet est plus important que la simple augmentation du nombre de places de stationnement pour v\u00e9los dans la ville. C&rsquo;est une mesure d\u00e9mocratique, car tout le monde peut s&rsquo;exprimer pendant une p\u00e9riode d&rsquo;essai<\/em>.\u00a0\u00bb<\/p>\n<p><strong>Version mobile<\/strong><\/p>\n<p>Le prix a \u00e9t\u00e9 attribu\u00e9 \u00e0 Emiel Arends, de la commune de Rotterdam: \u00ab\u00a0<em>Cette mesure avait d&rsquo;abord \u00e9t\u00e9 utilis\u00e9e pour promouvoir la participation des citoyens, mais je suis heureux de recevoir un prix dans le domaine de la mobilit\u00e9.<\/em>\u00a0\u00bb Il esp\u00e8re pouvoir utiliser l&rsquo;argent g\u00e9n\u00e9r\u00e9 par le gain du prix (10 000 euros) pour d\u00e9velopper une version mobile de la plateforme de v\u00e9lo. \u00ab\u00a0<em>Les plates-formes sont maintenant transport\u00e9es dans leur ensemble, mais nous sommes toujours \u00e0 la recherche d&rsquo;une solution pour transporter les plates-formes afin d&rsquo;accro\u00eetre l&#8217;employabilit\u00e9. Ensuite, vous pouvez \u00e9galement l&rsquo;utiliser pour des \u00e9v\u00e9nements et autres.<\/em>\u00a0\u00bb<\/p>\n<p>La plate-forme cyclable a d\u00e9j\u00e0 suscit\u00e9 l&rsquo;int\u00e9r\u00eat d&rsquo;autres municipalit\u00e9s. Par exemple, Amsterdam va en emprunter quelques-unes \u00e0 Rotterdam. Rotterdam a d\u00e9j\u00e0 d\u00e9ploy\u00e9 les plates-formes temporaires pour explorer de bons endroits pour l&rsquo;am\u00e9nagement paysager et les aires de jeux.<\/p>\n<p>Source: <a href=\"https:\/\/www.gemeente.nu\/ruimte-milieu\/rotterdam-wint-innovatieprijs-voor-fietsvlonders\/\" rel=\"noopener\" target=\"_blank\">https:\/\/www.gemeente.nu\/ruimte-milieu\/rotterdam-wint-innovatieprijs-voor-fietsvlonders\/<\/a><\/p>\n","protected":false},"excerpt":{"rendered":"<p>Invent\u00e9 \u00e0 Rotterdam aux Pays-Bas, le \u00ab\u00a0fietsvlonder\u00a0\u00bb est une plate-forme qui remplace temporairement une voiture par un parking \u00e0 v\u00e9los. Son installation dure trois \u00e0 six mois et en cas <a class=\"more-link\" href=\"https:\/\/carfree.fr\/index.php\/2019\/05\/21\/la-plate-forme-pour-velos\/\">Lire la suite&#8230;<\/a><\/p>\n","protected":false},"author":37,"featured_media":42166,"comment_status":"open","ping_status":"closed","sticky":false,"template":"","format":"standard","meta":[],"categories":[4,73,7],"tags":[663,668,88,1791,215,1664],"views":7492,"_links":{"self":[{"href":"https:\/\/carfree.fr\/index.php\/wp-json\/wp\/v2\/posts\/42165"}],"collection":[{"href":"https:\/\/carfree.fr\/index.php\/wp-json\/wp\/v2\/posts"}],"about":[{"href":"https:\/\/carfree.fr\/index.php\/wp-json\/wp\/v2\/types\/post"}],"author":[{"embeddable":true,"href":"https:\/\/carfree.fr\/index.php\/wp-json\/wp\/v2\/users\/37"}],"replies":[{"embeddable":true,"href":"https:\/\/carfree.fr\/index.php\/wp-json\/wp\/v2\/comments?post=42165"}],"version-history":[{"count":0,"href":"https:\/\/carfree.fr\/index.php\/wp-json\/wp\/v2\/posts\/42165\/revisions"}],"wp:featuredmedia":[{"embeddable":true,"href":"https:\/\/carfree.fr\/index.php\/wp-json\/wp\/v2\/media\/42166"}],"wp:attachment":[{"href":"https:\/\/carfree.fr\/index.php\/wp-json\/wp\/v2\/media?parent=42165"}],"wp:term":[{"taxonomy":"category","embeddable":true,"href":"https:\/\/carfree.fr\/index.php\/wp-json\/wp\/v2\/categories?post=42165"},{"taxonomy":"post_tag","embeddable":true,"href":"https:\/\/carfree.fr\/index.php\/wp-json\/wp\/v2\/tags?post=42165"}],"curies":[{"name":"wp","href":"https:\/\/api.w.org\/{rel}","templated":true}]}}