{"id":42170,"date":"2019-05-23T08:40:10","date_gmt":"2019-05-23T07:40:10","guid":{"rendered":"http:\/\/carfree.fr\/?p=42170"},"modified":"2019-05-23T08:40:10","modified_gmt":"2019-05-23T07:40:10","slug":"pauvre-ecolo","status":"publish","type":"post","link":"https:\/\/carfree.fr\/index.php\/2019\/05\/23\/pauvre-ecolo\/","title":{"rendered":"Pauvre \u00e9colo"},"content":{"rendered":"<p>Comme son nom l&rsquo;indique, St\u00e9phane Marcheur est un v\u00e9ritable \u00e9cologiste. Des convictions, il en a \u00e0 la pelle, depuis la destruction de la plan\u00e8te qui nous attend au coin de la rue jusqu&rsquo;\u00e0 l&rsquo;effondrement de la vie sur Terre pour l&rsquo;ann\u00e9e prochaine ou presque. <!--more--><\/p>\n<p>Selon lui, la situation est grave, surtout le climat qui se d\u00e9r\u00e8gle et la pollution qui se g\u00e9n\u00e9ralise, sans parler de la 6\u00e8me extinction qui menace la biodiversit\u00e9 sur Terre.<\/p>\n<p>Comme St\u00e9phane Marcheur veut changer le monde, il a choisi un m\u00e9tier en rapport avec ses convictions: il est devenu ing\u00e9nieur charg\u00e9 de la protection de l&rsquo;environnement. Avec un tel m\u00e9tier, il a l&rsquo;impression de vivre en accord avec lui-m\u00eame, de gagner sa vie en prot\u00e9geant ce en quoi il croit.<\/p>\n<p>Comme son travail se trouve en plein centre-ville et qu&rsquo;il a choisi de vivre \u00ab\u00a0<em>par conviction<\/em>\u00a0\u00bb au plus proche de la nature, c&rsquo;est-\u00e0-dire dans un petit hameau perdu \u00e0 40 kilom\u00e8tres de son travail, il fait tous les jours l&rsquo;aller-retour en voiture entre son domicile et son travail. Comme il fait quand m\u00eame beaucoup de kilom\u00e8tres, St\u00e9phane Marcheur a choisi d&rsquo;acheter une petite voiture qui consomme peu, parce que \u00ab\u00a0<em>c&rsquo;est bon pour la plan\u00e8te<\/em>\u00a0\u00bb et pour son porte-monnaie.<\/p>\n<p>Du fait de son expertise dans le domaine environnemental, St\u00e9phane Marcheur se croit autoris\u00e9 \u00e0 faire la morale aux autres \u00e0 tout bout de champ sur le th\u00e8me \u00ab\u00a0<em>l&rsquo;heure est grave, le climat se d\u00e9r\u00e8gle, on va tous crever<\/em>.\u00a0\u00bb En particulier, il aime bien taquiner \u00e0 table tous les dimanche midi son fr\u00e8re <a href=\"http:\/\/carfree.fr\/index.php\/2013\/10\/01\/les-affres-de-la-circulation\/\" target=\"_blank\" rel=\"noopener\">Jean-Paul Marcheur<\/a>, un adepte du 4&#215;4 \u00ab\u00a0<em>irresponsable.<\/em>\u00a0\u00bb M\u00eame si son 4&#215;4 ne consomme pas vraiment beaucoup plus que sa \u00ab\u00a0<em>petite voiture<\/em>\u00a0\u00bb et qu&rsquo;en plus il fait moins de kilom\u00e8tres que lui, St\u00e9phane Marcheur ne supporte pas le 4&#215;4, cette \u00ab\u00a0<em>voiture climaticide.<\/em>\u00a0\u00bb<\/p>\n<p>Parce que les gens sont forc\u00e9ment des \u00ab\u00a0<em>cons de pollueurs,<\/em>\u00a0\u00bb St\u00e9phane Marcheur ne supporte pas non plus les gilets jaunes, ces \u00ab\u00a0<em>pauvres irresponsables pr\u00eats \u00e0 d\u00e9truire la plan\u00e8te pour s&rsquo;acheter un \u00e9cran plat avec l&rsquo;argent des allocs<\/em>.\u00a0\u00bb C&rsquo;est pourquoi, il ne faut pas lui parler des gilets jaunes \u00e0 St\u00e9phane Marcheur, c&rsquo;est bien simple, le sujet est tabou.<\/p>\n<p>Ce qui compte vraiment, c&rsquo;est de sauver la plan\u00e8te. Alors, quand il y a eu la \u00ab\u00a0<em>Marche pour le climat<\/em>\u00a0\u00bb un samedi dans le centre-ville, St\u00e9phane Marcheur s&rsquo;est d\u00e9cid\u00e9 \u00e0 aller manifester pour la premi\u00e8re fois de sa vie. Pour une fois, il a eu l&rsquo;impression que cette \u00ab\u00a0<em>Marche pour le climat<\/em>\u00a0\u00bb allait vraiment changer les choses et que c&rsquo;\u00e9tait une mobilisation vraiment utile, pas comme manifester pour le pouvoir d&rsquo;achat ou pour les droits des salari\u00e9s. Alors, St\u00e9phane Marcheur a pris sa petite voiture et a fait les 40 kilom\u00e8tres le s\u00e9parant du centre-ville pour aller \u00ab\u00a0<em>marcher pour le climat.<\/em>\u00a0\u00bb Il faisait beau et chaud, c&rsquo;\u00e9tait une belle journ\u00e9e de printemps. Une fois sa voiture gar\u00e9e dans le parking souterrain du centre-ville, il a rejoint la \u00ab\u00a0Marche,\u00a0\u00bb car on dit plut\u00f4t \u00ab\u00a0<em>marche<\/em>\u00a0\u00bb que \u00ab\u00a0<em>manifestation.<\/em>\u00a0\u00bb La \u00ab\u00a0<em>manifestation,<\/em>\u00a0\u00bb c&rsquo;est surtout pour les syndicats&#8230;<\/p>\n<p>Durant la \u00ab\u00a0<em>Marche pour le climat,<\/em>\u00a0\u00bb il a retrouv\u00e9 quelques coll\u00e8gues de travail, qui comme lui, avaient pris aussi leur voiture depuis leur maison isol\u00e9e pour venir marcher \u00ab\u00a0<em>car c&rsquo;est vraiment important d&rsquo;\u00eatre l\u00e0.<\/em>\u00a0\u00bb<\/p>\n<p>Comme la \u00ab\u00a0<em>Marche pour le climat<\/em>\u00a0\u00bb \u00e9tait quand m\u00eame un peu longue, il s&rsquo;est mis \u00e0 discuter avec ses coll\u00e8gues des prochaines vacances. Cette ann\u00e9e, c&rsquo;est d\u00e9cid\u00e9, il ira en famille au Costa Rica, car l\u00e0-bas \u00ab\u00a0<em>la nature est vraiment pr\u00e9serv\u00e9e.<\/em>. M\u00eame en <em>low-cost<\/em> le billet d&rsquo;avion co\u00fbte un peu cher, mais avec <em>Airbnb<\/em> il a pu trouver une location bon march\u00e9 chez l&rsquo;habitant. Il esp\u00e8re trouver l\u00e0-bas des paysages aussi sauvages et pr\u00e9serv\u00e9s que ce qu&rsquo;il a pu visiter l&rsquo;ann\u00e9e derni\u00e8re en Islande. Un de ses coll\u00e8gues le f\u00e9licite pour son choix judicieux, car lui se contentera cette ann\u00e9e d&rsquo;aller \u00ab\u00a0<em>aux States<\/em>\u00a0\u00bb car il n&rsquo;a toujours pas visit\u00e9 New-York.<\/p>\n<p>A la fin de la \u00ab\u00a0<em>Marche,<\/em>\u00a0\u00bb St\u00e9phane Marcheur s&rsquo;est dit que les choses \u00e9taient vraiment en train de changer. Dans sa petite voiture sur la route du retour, il s&rsquo;est dit qu&rsquo;il y avait enfin un d\u00e9but de prise de conscience. Malgr\u00e9 tous les populistes qui ne parlent que de leur pouvoir d&rsquo;achat ou de leurs conditions de vie, une avant-garde \u00e9clair\u00e9e montrait enfin le chemin.<\/p>\n<p>Avec un peu de \u00ab\u00a0<em>p\u00e9dagogie,<\/em>\u00a0\u00bb on allait la sauver la plan\u00e8te!<\/p>\n","protected":false},"excerpt":{"rendered":"<p>Comme son nom l&rsquo;indique, St\u00e9phane Marcheur est un v\u00e9ritable \u00e9cologiste. Des convictions, il en a \u00e0 la pelle, depuis la destruction de la plan\u00e8te qui nous attend au coin de <a class=\"more-link\" href=\"https:\/\/carfree.fr\/index.php\/2019\/05\/23\/pauvre-ecolo\/\">Lire la suite&#8230;<\/a><\/p>\n","protected":false},"author":18,"featured_media":42172,"comment_status":"open","ping_status":"closed","sticky":false,"template":"","format":"standard","meta":[],"categories":[52,73,1037,124],"tags":[806,57,11,84,846,33,19],"views":7449,"_links":{"self":[{"href":"https:\/\/carfree.fr\/index.php\/wp-json\/wp\/v2\/posts\/42170"}],"collection":[{"href":"https:\/\/carfree.fr\/index.php\/wp-json\/wp\/v2\/posts"}],"about":[{"href":"https:\/\/carfree.fr\/index.php\/wp-json\/wp\/v2\/types\/post"}],"author":[{"embeddable":true,"href":"https:\/\/carfree.fr\/index.php\/wp-json\/wp\/v2\/users\/18"}],"replies":[{"embeddable":true,"href":"https:\/\/carfree.fr\/index.php\/wp-json\/wp\/v2\/comments?post=42170"}],"version-history":[{"count":0,"href":"https:\/\/carfree.fr\/index.php\/wp-json\/wp\/v2\/posts\/42170\/revisions"}],"wp:featuredmedia":[{"embeddable":true,"href":"https:\/\/carfree.fr\/index.php\/wp-json\/wp\/v2\/media\/42172"}],"wp:attachment":[{"href":"https:\/\/carfree.fr\/index.php\/wp-json\/wp\/v2\/media?parent=42170"}],"wp:term":[{"taxonomy":"category","embeddable":true,"href":"https:\/\/carfree.fr\/index.php\/wp-json\/wp\/v2\/categories?post=42170"},{"taxonomy":"post_tag","embeddable":true,"href":"https:\/\/carfree.fr\/index.php\/wp-json\/wp\/v2\/tags?post=42170"}],"curies":[{"name":"wp","href":"https:\/\/api.w.org\/{rel}","templated":true}]}}