{"id":42180,"date":"2019-05-27T08:17:15","date_gmt":"2019-05-27T07:17:15","guid":{"rendered":"http:\/\/carfree.fr\/?p=42180"},"modified":"2019-05-27T08:17:15","modified_gmt":"2019-05-27T07:17:15","slug":"pollution-de-lair-en-ville-est-on-plus-expose-en-voiture-ou-a-velo","status":"publish","type":"post","link":"https:\/\/carfree.fr\/index.php\/2019\/05\/27\/pollution-de-lair-en-ville-est-on-plus-expose-en-voiture-ou-a-velo\/","title":{"rendered":"Pollution de l&rsquo;air en ville: est-on plus expos\u00e9 en voiture ou \u00e0 v\u00e9lo?"},"content":{"rendered":"<p>Le site service-public.fr, site officiel de l&rsquo;administration fran\u00e7aise, r\u00e9pond \u00e0 la question suivante: \u00ab\u00a0Pollution de l&rsquo;air en ville: est-on plus expos\u00e9 en voiture ou \u00e0 v\u00e9lo?\u00a0\u00bb <!--more--><\/p>\n<p>La question : <em>\u00ab J&rsquo;ai l&rsquo;intention de laisser ma voiture au garage et d&rsquo;aller travailler \u00e0 v\u00e9lo. Mais ne serai-je pas plus expos\u00e9 \u00e0 la pollution ? Il me semble que les automobilistes sont davantage prot\u00e9g\u00e9s. \u00bb<\/em><\/p>\n<p>La r\u00e9ponse de Service-public : <em>\u00ab Non, les automobilistes, situ\u00e9s au c\u0153ur du trafic, sont plus expos\u00e9s aux polluants que les personnes se d\u00e9pla\u00e7ant \u00e0 pied ou \u00e0 v\u00e9lo, car l&rsquo;air qui p\u00e9n\u00e8tre dans l&rsquo;habitacle est particuli\u00e8rement pollu\u00e9 et a tendance \u00e0 s&rsquo;y accumuler. \u00bb<\/em><\/p>\n<p>En effet, l&rsquo;Agence de l&rsquo;environnement et de la ma\u00eetrise de l&rsquo;\u00e9nergie (Ademe) pr\u00e9cise que, sur un m\u00eame parcours, les niveaux de polluants auxquels sont expos\u00e9s les cyclistes sont pr\u00e8s d&rsquo;un tiers moins \u00e9lev\u00e9s que dans l&rsquo;habitacle d&rsquo;un v\u00e9hicule. Les cyclistes sont plus libres de choisir leur place sur la chauss\u00e9e et ils ont la possibilit\u00e9 d&#8217;emprunter certains am\u00e9nagements tels que des pistes cyclables qui les \u00e9loignent l\u00e9g\u00e8rement du flux de circulation. M\u00eame si le cycliste inhale plus d&rsquo;air du fait de son effort physique, les b\u00e9n\u00e9fices du v\u00e9lo sont largement positifs pour la sant\u00e9.<\/p>\n<p>Source: <a href=\"https:\/\/www.service-public.fr\/particuliers\/actualites\/A12944\" rel=\"noopener\" target=\"_blank\">https:\/\/www.service-public.fr\/particuliers\/actualites\/A12944<\/a><\/p>\n","protected":false},"excerpt":{"rendered":"<p>Le site service-public.fr, site officiel de l&rsquo;administration fran\u00e7aise, r\u00e9pond \u00e0 la question suivante: \u00ab\u00a0Pollution de l&rsquo;air en ville: est-on plus expos\u00e9 en voiture ou \u00e0 v\u00e9lo?\u00a0\u00bb<\/p>\n","protected":false},"author":70,"featured_media":42181,"comment_status":"open","ping_status":"closed","sticky":false,"template":"","format":"standard","meta":[],"categories":[1037,7],"tags":[244,33,320,220,1664],"views":10891,"_links":{"self":[{"href":"https:\/\/carfree.fr\/index.php\/wp-json\/wp\/v2\/posts\/42180"}],"collection":[{"href":"https:\/\/carfree.fr\/index.php\/wp-json\/wp\/v2\/posts"}],"about":[{"href":"https:\/\/carfree.fr\/index.php\/wp-json\/wp\/v2\/types\/post"}],"author":[{"embeddable":true,"href":"https:\/\/carfree.fr\/index.php\/wp-json\/wp\/v2\/users\/70"}],"replies":[{"embeddable":true,"href":"https:\/\/carfree.fr\/index.php\/wp-json\/wp\/v2\/comments?post=42180"}],"version-history":[{"count":0,"href":"https:\/\/carfree.fr\/index.php\/wp-json\/wp\/v2\/posts\/42180\/revisions"}],"wp:featuredmedia":[{"embeddable":true,"href":"https:\/\/carfree.fr\/index.php\/wp-json\/wp\/v2\/media\/42181"}],"wp:attachment":[{"href":"https:\/\/carfree.fr\/index.php\/wp-json\/wp\/v2\/media?parent=42180"}],"wp:term":[{"taxonomy":"category","embeddable":true,"href":"https:\/\/carfree.fr\/index.php\/wp-json\/wp\/v2\/categories?post=42180"},{"taxonomy":"post_tag","embeddable":true,"href":"https:\/\/carfree.fr\/index.php\/wp-json\/wp\/v2\/tags?post=42180"}],"curies":[{"name":"wp","href":"https:\/\/api.w.org\/{rel}","templated":true}]}}