{"id":42217,"date":"2019-06-17T07:55:44","date_gmt":"2019-06-17T06:55:44","guid":{"rendered":"http:\/\/carfree.fr\/?p=42217"},"modified":"2019-06-17T07:55:44","modified_gmt":"2019-06-17T06:55:44","slug":"on-peut-defendre-la-voiture-et-lenvironnement","status":"publish","type":"post","link":"https:\/\/carfree.fr\/index.php\/2019\/06\/17\/on-peut-defendre-la-voiture-et-lenvironnement\/","title":{"rendered":"On peut d\u00e9fendre la voiture ET l&rsquo;environnement!"},"content":{"rendered":"<p>Bertrand Usclat est un inventeur \u00e9colo. Il a cr\u00e9\u00e9 un kit malin pour sensibiliser les automobilistes sur leurs \u00e9missions de gaz polluants. <!--more--><\/p>\n<p>Selon lui, un automobiliste a parfaitement le droit de polluer \u00e0 condition qu&rsquo;il pollue&#8230; chez lui.<\/p>\n<blockquote class=\"twitter-tweet\" data-lang=\"fr\">\n<p lang=\"fr\" dir=\"ltr\">On peut d\u00e9fendre la voiture ET l&#39;environnement !<a href=\"https:\/\/twitter.com\/hashtag\/broute?src=hash&amp;ref_src=twsrc%5Etfw\">#broute<\/a> <a href=\"https:\/\/twitter.com\/hashtag\/poumons?src=hash&amp;ref_src=twsrc%5Etfw\">#poumons<\/a> <a href=\"https:\/\/t.co\/KgWaURs4zN\">pic.twitter.com\/KgWaURs4zN<\/a><\/p>\n<p>&mdash; Bertrand Usclat (@BertrandUsclat) <a href=\"https:\/\/twitter.com\/BertrandUsclat\/status\/1136529974930890753?ref_src=twsrc%5Etfw\">6 juin 2019<\/a><\/p><\/blockquote>\n<p><script async src=\"https:\/\/platform.twitter.com\/widgets.js\" charset=\"utf-8\"><\/script><\/p>\n<p>Son invention n&rsquo;est pas sans rappeler le <a href=\"http:\/\/carfree.fr\/index.php\/2008\/05\/07\/un-filtre-a-particules-pour-les-4x4\/\" rel=\"noopener\" target=\"_blank\">filtre \u00e0 particules pour 4X4<\/a> dont nous avions parl\u00e9 sur Carfree France.<\/p>\n","protected":false},"excerpt":{"rendered":"<p>Bertrand Usclat est un inventeur \u00e9colo. Il a cr\u00e9\u00e9 un kit malin pour sensibiliser les automobilistes sur leurs \u00e9missions de gaz polluants.<\/p>\n","protected":false},"author":70,"featured_media":42218,"comment_status":"open","ping_status":"closed","sticky":false,"template":"","format":"standard","meta":[],"categories":[1037],"tags":[308,846,201,33,648],"views":7009,"_links":{"self":[{"href":"https:\/\/carfree.fr\/index.php\/wp-json\/wp\/v2\/posts\/42217"}],"collection":[{"href":"https:\/\/carfree.fr\/index.php\/wp-json\/wp\/v2\/posts"}],"about":[{"href":"https:\/\/carfree.fr\/index.php\/wp-json\/wp\/v2\/types\/post"}],"author":[{"embeddable":true,"href":"https:\/\/carfree.fr\/index.php\/wp-json\/wp\/v2\/users\/70"}],"replies":[{"embeddable":true,"href":"https:\/\/carfree.fr\/index.php\/wp-json\/wp\/v2\/comments?post=42217"}],"version-history":[{"count":0,"href":"https:\/\/carfree.fr\/index.php\/wp-json\/wp\/v2\/posts\/42217\/revisions"}],"wp:featuredmedia":[{"embeddable":true,"href":"https:\/\/carfree.fr\/index.php\/wp-json\/wp\/v2\/media\/42218"}],"wp:attachment":[{"href":"https:\/\/carfree.fr\/index.php\/wp-json\/wp\/v2\/media?parent=42217"}],"wp:term":[{"taxonomy":"category","embeddable":true,"href":"https:\/\/carfree.fr\/index.php\/wp-json\/wp\/v2\/categories?post=42217"},{"taxonomy":"post_tag","embeddable":true,"href":"https:\/\/carfree.fr\/index.php\/wp-json\/wp\/v2\/tags?post=42217"}],"curies":[{"name":"wp","href":"https:\/\/api.w.org\/{rel}","templated":true}]}}