{"id":42236,"date":"2019-06-20T08:30:56","date_gmt":"2019-06-20T07:30:56","guid":{"rendered":"http:\/\/carfree.fr\/?p=42236"},"modified":"2019-06-20T08:30:56","modified_gmt":"2019-06-20T07:30:56","slug":"maintien-et-developpement-du-train-des-primeurs-perpignan-rungis","status":"publish","type":"post","link":"https:\/\/carfree.fr\/index.php\/2019\/06\/20\/maintien-et-developpement-du-train-des-primeurs-perpignan-rungis\/","title":{"rendered":"Maintien et d\u00e9veloppement du train des primeurs Perpignan\/Rungis"},"content":{"rendered":"<p>Quel avenir pour le train des primeurs Perpignan-St Charles\/Rungis? Seul rescap\u00e9 du transport ferroviaire de fruits et l\u00e9gumes en France, le train des primeurs est un enjeu \u00e9conomique et \u00e9cologique pour le d\u00e9partement des Pyr\u00e9n\u00e9es-Orientales. L&rsquo;Union locale CGT Perpignan sud a lanc\u00e9 une p\u00e9tition pour le maintien et le d\u00e9veloppement du train des primeurs Perpignan\/Rungis. <!--more--><\/p>\n<p>L&rsquo;ann\u00e9e derni\u00e8re nous avons vu dispara\u00eetre l&rsquo;un des deux trains en partance de St Charles pour Rungis. Son existence \u00e9tait remis en question d&rsquo;une part par les chargeurs assurant son remplissage quotidiennement et d&rsquo;autre part par la SNCF. Les causes invoqu\u00e9es: des trains pas assez charg\u00e9s et des probl\u00e8mes de retard \u00e0 la livraison.<\/p>\n<p>Les v\u00e9ritables raisons de ces dysfonctionnement sont et surtout:<\/p>\n<p>Le d\u00e9sengagement de l\u2019\u00c9tat avec l&rsquo;arr\u00eat des portiques \u00e9cotaxe qui devaient servir \u00e0 financer le d\u00e9veloppement du fret ferroviaire. L\u2019\u00c9tat n&rsquo;a fait aucune proposition de compensation \u00e0 ce jour.<br \/>\nLa politique europ\u00e9enne de destruction des services publiques, notamment dans la privatisation de la SNCF et l&rsquo;\u00e9clatement des infrastructures mises en concurrence.<br \/>\nLa part des investissements SNCF quasi nulle dans le fret ferroviaire. Ce d\u00e9sint\u00e9r\u00eat sert d&rsquo;autres ambitions. Le groupe SNCF d\u00e9veloppe ses filiales routi\u00e8res, se faisant par la m\u00eame sa propre concurrence.<br \/>\nLa disparition programm\u00e9e du dernier train d\u00e9clencherait la suppression de plus d&rsquo;une centaine d&#8217;emploi sur les deux chargeurs mais aussi, des dizaines d&#8217;emplois indirects dans les entreprises sous-traitantes et \u00e0 la SNCF.<\/p>\n<p>Cette situation n&rsquo;est pas une fatalit\u00e9, tous ensemble, salari\u00e9s des chargeurs (Rey et Roca), cheminots, citoyens, exigeons le maintien du train des primeurs !<\/p>\n<p>La CGT revendique:<\/p>\n<p>Le maintien du train des primeurs actuel afin de p\u00e9renniser l&#8217;emploi sur place et rendre les trains des primeurs d&rsquo; \u00ab Utilit\u00e9 publique \u00bb,<br \/>\nLa remise en place du 2nd train des primeurs afin de red\u00e9velopper l\u2019activit\u00e9,<br \/>\nLe respect des engagements pris par l\u2019\u00c9tat lors du grenelle de l&rsquo;environnement et de la COP21 \u00e0 investir et \u00e0 d\u00e9velopper des r\u00e9elles infrastructures ferroviaires,<br \/>\nLa diminution des prix de p\u00e9ages et de sillon pay\u00e9s par les clients (Rey et Roca) \u00e0 l&rsquo;EPIC R\u00e9seau de la SNCF pour que le train soit plus attractif et plus comp\u00e9titif que le transport routier,<br \/>\nLe d\u00e9veloppement de la plate-forme multimodale de Perpignan-St Charles qui a co\u00fbt\u00e9 pr\u00e8s de 40 millions d&rsquo;euros aux contribuables et est \u00e0 ce jour toujours inexploit\u00e9e.<\/p>\n<p>Par cette p\u00e9tition, nous voulons vous alerter et obtenir le soutien le plus large possible. Nous pourrons gr\u00e2ce \u00e0 vous, contraindre la direction de la SNCF et les repr\u00e9sentants de l\u2019\u00c9tat \u00e0 s&rsquo;engager d\u00e9finitivement sur le maintien et le d\u00e9veloppement de ce train des primeurs.<\/p>\n<p><a href=\"https:\/\/www.change.org\/p\/train-des-primeurs-un-enjeu-\u00e9conomique-et-\u00e9cologique-soutenons-le\" rel=\"noopener\" target=\"_blank\">https:\/\/www.change.org\/p\/train-des-primeurs-un-enjeu-\u00e9conomique-et-\u00e9cologique-soutenons-le<\/a><\/p>\n","protected":false},"excerpt":{"rendered":"<p>Quel avenir pour le train des primeurs Perpignan-St Charles\/Rungis? Seul rescap\u00e9 du transport ferroviaire de fruits et l\u00e9gumes en France, le train des primeurs est un enjeu \u00e9conomique et \u00e9cologique <a class=\"more-link\" href=\"https:\/\/carfree.fr\/index.php\/2019\/06\/20\/maintien-et-developpement-du-train-des-primeurs-perpignan-rungis\/\">Lire la suite&#8230;<\/a><\/p>\n","protected":false},"author":71,"featured_media":42237,"comment_status":"open","ping_status":"closed","sticky":false,"template":"","format":"standard","meta":[],"categories":[4,78,8],"tags":[693,966,571,1668,120,119],"views":6326,"_links":{"self":[{"href":"https:\/\/carfree.fr\/index.php\/wp-json\/wp\/v2\/posts\/42236"}],"collection":[{"href":"https:\/\/carfree.fr\/index.php\/wp-json\/wp\/v2\/posts"}],"about":[{"href":"https:\/\/carfree.fr\/index.php\/wp-json\/wp\/v2\/types\/post"}],"author":[{"embeddable":true,"href":"https:\/\/carfree.fr\/index.php\/wp-json\/wp\/v2\/users\/71"}],"replies":[{"embeddable":true,"href":"https:\/\/carfree.fr\/index.php\/wp-json\/wp\/v2\/comments?post=42236"}],"version-history":[{"count":0,"href":"https:\/\/carfree.fr\/index.php\/wp-json\/wp\/v2\/posts\/42236\/revisions"}],"wp:featuredmedia":[{"embeddable":true,"href":"https:\/\/carfree.fr\/index.php\/wp-json\/wp\/v2\/media\/42237"}],"wp:attachment":[{"href":"https:\/\/carfree.fr\/index.php\/wp-json\/wp\/v2\/media?parent=42236"}],"wp:term":[{"taxonomy":"category","embeddable":true,"href":"https:\/\/carfree.fr\/index.php\/wp-json\/wp\/v2\/categories?post=42236"},{"taxonomy":"post_tag","embeddable":true,"href":"https:\/\/carfree.fr\/index.php\/wp-json\/wp\/v2\/tags?post=42236"}],"curies":[{"name":"wp","href":"https:\/\/api.w.org\/{rel}","templated":true}]}}