{"id":42274,"date":"2019-07-02T07:25:43","date_gmt":"2019-07-02T06:25:43","guid":{"rendered":"http:\/\/carfree.fr\/?p=42274"},"modified":"2019-08-21T08:34:25","modified_gmt":"2019-08-21T07:34:25","slug":"evitez-lavion","status":"publish","type":"post","link":"https:\/\/carfree.fr\/index.php\/2019\/07\/02\/evitez-lavion\/","title":{"rendered":"\u00c9vitez l&rsquo;avion !"},"content":{"rendered":"<p>Voici une tr\u00e8s belle campagne de publicit\u00e9 pour l&rsquo;entreprise ferroviaire publique allemande Deutsche Bahn (DB). Avec une comparaison c\u00f4te \u00e0 c\u00f4te, l&rsquo;id\u00e9e est de montrer d&rsquo;une part les plus belles destinations dans le monde et d&rsquo;autre part les destinations en Allemagne qui leur ressemblent. Le message est clair: Pourquoi d\u00e9penser beaucoup d&rsquo;argent en avion alors que vous pouvez vivre exactement la m\u00eame chose en train pour 19 euros? <!--more--><\/p>\n<p>La campagne part du constat que 72% des Allemands vont en vacances \u00e0 l&rsquo;\u00e9tranger. Comment faire pour qu&rsquo;ils passent leurs vacances en Allemagne avec la Deutsche Bahn?<\/p>\n<p>L&rsquo;agence de pub qui a r\u00e9alis\u00e9 la campagne (Ogilvy) a utilis\u00e9 les donn\u00e9es de Facebook et Getty Images, un algorithme a \u00e9t\u00e9 d\u00e9velopp\u00e9 pour rechercher des images de destinations de voyage attrayantes et trouver des images similaires en Allemagne.<\/p>\n<p>A l&rsquo;aide d&rsquo;un g\u00e9o-ciblage, un autre algorithme a d\u00e9termin\u00e9 l&rsquo;a\u00e9roport de destination \u00e0 l&rsquo;\u00e9tranger et le tarif a\u00e9rien le moins cher actuel. Chaque personne peut ainsi voir combien co\u00fbte actuellement le vol le moins cher vers la destination long-courrier correspondante et comparer avec l&rsquo;offre en train propos\u00e9e par la Deutsche Bahn.<\/p>\n<p><img decoding=\"async\" loading=\"lazy\" class=\"alignnone size-full wp-image-42276\" src=\"http:\/\/carfree.fr\/img\/2019\/06\/db-pub-rail-kromlau.jpg\" alt=\"\" width=\"600\" height=\"323\" \/><br \/>\n<img decoding=\"async\" loading=\"lazy\" class=\"alignnone size-full wp-image-42277\" src=\"http:\/\/carfree.fr\/img\/2019\/06\/db-pub-rail-germany.jpg\" alt=\"\" width=\"600\" height=\"327\" \/><br \/>\n<img decoding=\"async\" loading=\"lazy\" class=\"alignnone size-full wp-image-42278\" src=\"http:\/\/carfree.fr\/img\/2019\/06\/db-pub-rail-rheinland.jpg\" alt=\"\" width=\"600\" height=\"325\" \/><\/p>\n<p>Tout ceci rappelle une vieille publicit\u00e9 de la SNCF qui dans le m\u00eame genre faisait la promotion&#8230; de l&rsquo;avion!<\/p>\n<p><img decoding=\"async\" loading=\"lazy\" class=\"alignnone size-full wp-image-42279\" src=\"http:\/\/carfree.fr\/img\/2019\/06\/voyages_sncf.jpg\" alt=\"\" width=\"590\" height=\"422\" \/><\/p>\n<p>Les Allemands ont la Deutsche Bahn, nous on a la SNCF&#8230;<\/p>\n","protected":false},"excerpt":{"rendered":"<p>Voici une tr\u00e8s belle campagne de publicit\u00e9 pour l&rsquo;entreprise ferroviaire publique allemande Deutsche Bahn (DB). Avec une comparaison c\u00f4te \u00e0 c\u00f4te, l&rsquo;id\u00e9e est de montrer d&rsquo;une part les plus belles <a class=\"more-link\" href=\"https:\/\/carfree.fr\/index.php\/2019\/07\/02\/evitez-lavion\/\">Lire la suite&#8230;<\/a><\/p>\n","protected":false},"author":1390,"featured_media":42275,"comment_status":"open","ping_status":"closed","sticky":false,"template":"","format":"standard","meta":[],"categories":[52,124,8],"tags":[1709,64,806,846,86,120,119,710],"views":21362,"_links":{"self":[{"href":"https:\/\/carfree.fr\/index.php\/wp-json\/wp\/v2\/posts\/42274"}],"collection":[{"href":"https:\/\/carfree.fr\/index.php\/wp-json\/wp\/v2\/posts"}],"about":[{"href":"https:\/\/carfree.fr\/index.php\/wp-json\/wp\/v2\/types\/post"}],"author":[{"embeddable":true,"href":"https:\/\/carfree.fr\/index.php\/wp-json\/wp\/v2\/users\/1390"}],"replies":[{"embeddable":true,"href":"https:\/\/carfree.fr\/index.php\/wp-json\/wp\/v2\/comments?post=42274"}],"version-history":[{"count":0,"href":"https:\/\/carfree.fr\/index.php\/wp-json\/wp\/v2\/posts\/42274\/revisions"}],"wp:featuredmedia":[{"embeddable":true,"href":"https:\/\/carfree.fr\/index.php\/wp-json\/wp\/v2\/media\/42275"}],"wp:attachment":[{"href":"https:\/\/carfree.fr\/index.php\/wp-json\/wp\/v2\/media?parent=42274"}],"wp:term":[{"taxonomy":"category","embeddable":true,"href":"https:\/\/carfree.fr\/index.php\/wp-json\/wp\/v2\/categories?post=42274"},{"taxonomy":"post_tag","embeddable":true,"href":"https:\/\/carfree.fr\/index.php\/wp-json\/wp\/v2\/tags?post=42274"}],"curies":[{"name":"wp","href":"https:\/\/api.w.org\/{rel}","templated":true}]}}