{"id":42385,"date":"2019-09-25T08:09:12","date_gmt":"2019-09-25T07:09:12","guid":{"rendered":"http:\/\/carfree.fr\/?p=42385"},"modified":"2019-09-25T08:09:12","modified_gmt":"2019-09-25T07:09:12","slug":"voitures-nulle-part-arbres-fruitiers-partout","status":"publish","type":"post","link":"https:\/\/carfree.fr\/index.php\/2019\/09\/25\/voitures-nulle-part-arbres-fruitiers-partout\/","title":{"rendered":"Voitures nulle part, arbres fruitiers partout"},"content":{"rendered":"<p><strong>Quand des villes se d\u00e9clarent vraiment en \u00e9tat d\u2019urgence climatique<\/strong><\/p>\n<p>Partout en Europe, des grandes villes comme de petites communes se sont d\u00e9clar\u00e9es en \u00ab \u00e9tat d\u2019urgence climatique \u00bb. Paris l\u2019a fait en juillet, Mulhouse et Montpellier en juin. Ces d\u00e9cisions sont-elles purement symboliques ? Ou ces municipalit\u00e9s s\u2019engagent-elles r\u00e9ellement contre le r\u00e9chauffement ? En Allemagne, c\u2019est Constance, ville touristique et riche, qui a vot\u00e9 la premi\u00e8re la r\u00e9solution \u00e0 la demande des jeunes de \u00ab Fridays for future \u00bb, mobilis\u00e9s depuis des mois. Pour eux, l\u2019urgence climatique n\u2019est pas qu\u2019un vain mot. Reportage. <!--more--><\/p>\n<p>Dans les rues de Constance, ville de pr\u00e8s de 100 000 habitants dans le sud de l\u2019Allemagne, rien ne laisse penser qu\u2019il y ait urgence pour quoi que ce soit. Sur les rives du grand lac et du Rhin, les touristes se prom\u00e8nent et boivent des verres, les travailleurs se reposent en fin de journ\u00e9e. Les voitures sont assez peu pr\u00e9sentes, et les v\u00e9los ont des routes enti\u00e8res r\u00e9serv\u00e9es. La ville est entour\u00e9e de zones naturelles prot\u00e9g\u00e9es, le taux de ch\u00f4mage n\u2019y est que de 3 %, la Suisse est juste \u00e0 c\u00f4t\u00e9. L\u2019anxi\u00e9t\u00e9 d\u2019un r\u00e9chauffement climatique acc\u00e9l\u00e9r\u00e9 \u2013 jusqu\u2019\u00e0 +7\u00b0C d\u2019ici la fin de ce si\u00e8cle \u2013 semble bien loin. Pourtant, c\u2019est dans ce d\u00e9cor idyllique que le 2 mai dernier, le conseil municipal a \u00e9t\u00e9 le premier d\u2019Allemagne \u00e0 voter une r\u00e9solution d\u00e9clarant la ville en \u00ab \u00e9tat d\u2019urgence climatique \u00bb. Depuis, des dizaines d\u2019autres villes et communes allemandes ont suivi l\u2019exemple, comme Cologne, Karlsruhe, L\u00fcbeck, ou Leverkusen.<\/p>\n<p>Lire l&rsquo;article complet sur le site <a href=\"https:\/\/www.bastamag.net\/Climat-etat-d-urgence-rechauffement-fridays-for-future-conseil-citoyen-energie-alternatives-Constance\" target=\"_blank\" rel=\"noopener\">Bastamag<\/a><\/p>\n","protected":false},"excerpt":{"rendered":"<p>Quand des villes se d\u00e9clarent vraiment en \u00e9tat d\u2019urgence climatique Partout en Europe, des grandes villes comme de petites communes se sont d\u00e9clar\u00e9es en \u00ab \u00e9tat d\u2019urgence climatique \u00bb. Paris <a class=\"more-link\" href=\"https:\/\/carfree.fr\/index.php\/2019\/09\/25\/voitures-nulle-part-arbres-fruitiers-partout\/\">Lire la suite&#8230;<\/a><\/p>\n","protected":false},"author":276,"featured_media":42386,"comment_status":"open","ping_status":"closed","sticky":false,"template":"","format":"standard","meta":[],"categories":[124,70,3],"tags":[64,706,57,335,556,1669,105],"views":9460,"_links":{"self":[{"href":"https:\/\/carfree.fr\/index.php\/wp-json\/wp\/v2\/posts\/42385"}],"collection":[{"href":"https:\/\/carfree.fr\/index.php\/wp-json\/wp\/v2\/posts"}],"about":[{"href":"https:\/\/carfree.fr\/index.php\/wp-json\/wp\/v2\/types\/post"}],"author":[{"embeddable":true,"href":"https:\/\/carfree.fr\/index.php\/wp-json\/wp\/v2\/users\/276"}],"replies":[{"embeddable":true,"href":"https:\/\/carfree.fr\/index.php\/wp-json\/wp\/v2\/comments?post=42385"}],"version-history":[{"count":0,"href":"https:\/\/carfree.fr\/index.php\/wp-json\/wp\/v2\/posts\/42385\/revisions"}],"wp:featuredmedia":[{"embeddable":true,"href":"https:\/\/carfree.fr\/index.php\/wp-json\/wp\/v2\/media\/42386"}],"wp:attachment":[{"href":"https:\/\/carfree.fr\/index.php\/wp-json\/wp\/v2\/media?parent=42385"}],"wp:term":[{"taxonomy":"category","embeddable":true,"href":"https:\/\/carfree.fr\/index.php\/wp-json\/wp\/v2\/categories?post=42385"},{"taxonomy":"post_tag","embeddable":true,"href":"https:\/\/carfree.fr\/index.php\/wp-json\/wp\/v2\/tags?post=42385"}],"curies":[{"name":"wp","href":"https:\/\/api.w.org\/{rel}","templated":true}]}}