{"id":42387,"date":"2019-09-23T08:58:03","date_gmt":"2019-09-23T07:58:03","guid":{"rendered":"http:\/\/carfree.fr\/?p=42387"},"modified":"2020-12-29T20:17:40","modified_gmt":"2020-12-29T19:17:40","slug":"calcul-de-la-vitesse-effective-dun-vehicule-particulier","status":"publish","type":"post","link":"https:\/\/carfree.fr\/index.php\/2019\/09\/23\/calcul-de-la-vitesse-effective-dun-vehicule-particulier\/","title":{"rendered":"Comment calculer la vitesse effective d&rsquo;un v\u00e9hicule particulier"},"content":{"rendered":"<p>Un internaute a mis en place une page internet permettant de calculer la vitesse effective d&rsquo;un v\u00e9hicule particulier, dans l&rsquo;esprit d&rsquo;Ivan Illich, \u00e0 savoir en ajoutant au temps de parcours de l&rsquo;automobile le temps qui a \u00e9t\u00e9 consacr\u00e9 \u00e0 l&rsquo;acquisition des fonds n\u00e9cessaires \u00e0 l&rsquo;utilisation de ce v\u00e9hicule, incluant son achat, son entretien, son carburant, son assurance. <!--more--><\/p>\n<p>Cette page est inspir\u00e9e d&rsquo;une tr\u00e8s vieille lecture de Ivan Illich.<\/p>\n<p>&#8211; <a href=\"http:\/\/carfree.fr\/index.php\/2007\/12\/12\/ivan-illich-contre-le-systeme-automobile\/\" target=\"_blank\" rel=\"noopener\">Un texte d&rsquo;Ivan Illich qui estime \u00e0 6 km\/h la vitesse d&rsquo;un bolide am\u00e9ricain<\/a><br \/>\n&#8211; <a href=\"http:\/\/carfree.fr\/index.php\/2008\/02\/02\/illichville-la-ville-sans-voitures\/\" target=\"_blank\" rel=\"noopener\">Illichville la ville sans voiture<\/a><br \/>\nSi vous disposez d&rsquo;autres r\u00e9f\u00e9rences, merci de me les communiquer \u00e0 une adresse que vous trouverez facilement.<\/p>\n<p>La proposition d&rsquo;<a href=\"http:\/\/carfree.fr\/index.php\/author\/ivanillich\/\" target=\"_blank\" rel=\"noopener\">Ivan Illich<\/a> consiste \u00e0 calculer la vitesse moyenne d&rsquo;un v\u00e9hicule en ajoutant au temps de parcours le temps qui a \u00e9t\u00e9 consacr\u00e9 \u00e0 l&rsquo;acquisition des fonds n\u00e9cessaires \u00e0 l&rsquo;utilisation du v\u00e9hicule, incluant son achat, son entretien, son carburant, son assurance.<\/p>\n<p>Tout ce temps consacr\u00e9 \u00e0 produire ces fonds diminue drastiquement la vitesse moyenne calcul\u00e9e par vous-m\u00eame ou votre ordinateur de bord.<\/p>\n<p>L&rsquo;objectif de cette d\u00e9marche est d&rsquo;\u00e9valuer ce qui vous fait gagner du temps en en perdant beaucoup.<\/p>\n<p><a href=\"http:\/\/www.estay.fr\" target=\"_blank\" rel=\"noopener\">http:\/\/www.estay.fr<\/a><\/p>\n","protected":false},"excerpt":{"rendered":"<p>Un internaute a mis en place une page internet permettant de calculer la vitesse effective d&rsquo;un v\u00e9hicule particulier, dans l&rsquo;esprit d&rsquo;Ivan Illich, \u00e0 savoir en ajoutant au temps de parcours <a class=\"more-link\" href=\"https:\/\/carfree.fr\/index.php\/2019\/09\/23\/calcul-de-la-vitesse-effective-dun-vehicule-particulier\/\">Lire la suite&#8230;<\/a><\/p>\n","protected":false},"author":39,"featured_media":42388,"comment_status":"open","ping_status":"closed","sticky":false,"template":"","format":"standard","meta":[],"categories":[73,72],"tags":[850,67,19,1809,935,144],"views":11894,"_links":{"self":[{"href":"https:\/\/carfree.fr\/index.php\/wp-json\/wp\/v2\/posts\/42387"}],"collection":[{"href":"https:\/\/carfree.fr\/index.php\/wp-json\/wp\/v2\/posts"}],"about":[{"href":"https:\/\/carfree.fr\/index.php\/wp-json\/wp\/v2\/types\/post"}],"author":[{"embeddable":true,"href":"https:\/\/carfree.fr\/index.php\/wp-json\/wp\/v2\/users\/39"}],"replies":[{"embeddable":true,"href":"https:\/\/carfree.fr\/index.php\/wp-json\/wp\/v2\/comments?post=42387"}],"version-history":[{"count":0,"href":"https:\/\/carfree.fr\/index.php\/wp-json\/wp\/v2\/posts\/42387\/revisions"}],"wp:featuredmedia":[{"embeddable":true,"href":"https:\/\/carfree.fr\/index.php\/wp-json\/wp\/v2\/media\/42388"}],"wp:attachment":[{"href":"https:\/\/carfree.fr\/index.php\/wp-json\/wp\/v2\/media?parent=42387"}],"wp:term":[{"taxonomy":"category","embeddable":true,"href":"https:\/\/carfree.fr\/index.php\/wp-json\/wp\/v2\/categories?post=42387"},{"taxonomy":"post_tag","embeddable":true,"href":"https:\/\/carfree.fr\/index.php\/wp-json\/wp\/v2\/tags?post=42387"}],"curies":[{"name":"wp","href":"https:\/\/api.w.org\/{rel}","templated":true}]}}