{"id":42403,"date":"2019-10-01T15:57:23","date_gmt":"2019-10-01T14:57:23","guid":{"rendered":"http:\/\/carfree.fr\/?p=42403"},"modified":"2019-10-01T15:57:23","modified_gmt":"2019-10-01T14:57:23","slug":"cyclosphere","status":"publish","type":"post","link":"https:\/\/carfree.fr\/index.php\/2019\/10\/01\/cyclosphere\/","title":{"rendered":"Cyclosph\u00e8re"},"content":{"rendered":"<p>Ciclosfera est le premier et le seul magazine de cyclisme urbain en Espagne. C&rsquo;est la r\u00e9f\u00e9rence en Espagne d&rsquo;un style de vie avec de plus en plus d&rsquo;adeptes, le v\u00e9lo. Le magazine Ciclosfera est s\u00fbr d&rsquo;une chose : plus de v\u00e9los, de meilleures villes. Voil\u00e0, complet et gratuit, tous les num\u00e9ros&#8230; <!--more--><\/p>\n<p>Voici quelques photos provenant de leur site:<\/p>\n<p><img decoding=\"async\" loading=\"lazy\" src=\"http:\/\/carfree.fr\/img\/2019\/10\/yuri_kosin_retrovisor.jpg\" alt=\"\" width=\"600\" height=\"400\" class=\"size-full wp-image-42404\" srcset=\"https:\/\/carfree.fr\/img\/2019\/10\/yuri_kosin_retrovisor.jpg 600w, https:\/\/carfree.fr\/img\/2019\/10\/yuri_kosin_retrovisor-400x267.jpg 400w\" sizes=\"(max-width: 600px) 100vw, 600px\" \/><br \/>\n<img decoding=\"async\" loading=\"lazy\" src=\"http:\/\/carfree.fr\/img\/2019\/10\/rueda_valencia_02.jpg\" alt=\"\" width=\"600\" height=\"400\" class=\"alignnone size-full wp-image-42406\" srcset=\"https:\/\/carfree.fr\/img\/2019\/10\/rueda_valencia_02.jpg 600w, https:\/\/carfree.fr\/img\/2019\/10\/rueda_valencia_02-400x267.jpg 400w\" sizes=\"(max-width: 600px) 100vw, 600px\" \/><br \/>\n<img decoding=\"async\" loading=\"lazy\" src=\"http:\/\/carfree.fr\/img\/2019\/10\/bartali.jpg\" alt=\"\" width=\"600\" height=\"382\" class=\"alignnone size-full wp-image-42411\" \/><br \/>\n<img decoding=\"async\" loading=\"lazy\" src=\"http:\/\/carfree.fr\/img\/2019\/10\/ciclista.jpg\" alt=\"\" width=\"600\" height=\"418\" class=\"size-full wp-image-42408\" \/><br \/>\n<img decoding=\"async\" loading=\"lazy\" src=\"http:\/\/carfree.fr\/img\/2019\/10\/matrimonio-ruta-mapa-2.jpg\" alt=\"\" width=\"600\" height=\"398\" class=\"alignnone size-full wp-image-42409\" \/><br \/>\n<img decoding=\"async\" loading=\"lazy\" src=\"http:\/\/carfree.fr\/img\/2019\/10\/ECCFkL6XsAYlfWj.jpg\" alt=\"\" width=\"600\" height=\"400\" class=\"alignnone size-full wp-image-42410\" srcset=\"https:\/\/carfree.fr\/img\/2019\/10\/ECCFkL6XsAYlfWj.jpg 600w, https:\/\/carfree.fr\/img\/2019\/10\/ECCFkL6XsAYlfWj-400x267.jpg 400w\" sizes=\"(max-width: 600px) 100vw, 600px\" \/><\/p>\n<p>Ciclosfera est un magazine papier, trimestriel, publi\u00e9 au d\u00e9but de chaque saison. Tir\u00e9 \u00e0 8.000 exemplaires de 100 pages, il est distribu\u00e9 nationalement dans plus de 100 points sp\u00e9cialis\u00e9s. Gratuit : car pour nous l\u2019information, comme le cyclisme, doit \u00eatre universelle et accessible \u00e0 tous. Nous voulons changer les villes et au travers d\u2019elles le monde et pour cela personne ne doit \u00eatre mis \u00e0 l\u2019\u00e9cart: nous avons besoin de vous tous.<\/p>\n<p>Les diff\u00e9rents num\u00e9ros du magazine en espagnol sont t\u00e9l\u00e9chargeables ici:<br \/>\n<a href=\"https:\/\/www.ciclosfera.com\/la-revista\/\" rel=\"noopener\" target=\"_blank\">https:\/\/www.ciclosfera.com\/la-revista\/<\/a><\/p>\n","protected":false},"excerpt":{"rendered":"<p>Ciclosfera est le premier et le seul magazine de cyclisme urbain en Espagne. C&rsquo;est la r\u00e9f\u00e9rence en Espagne d&rsquo;un style de vie avec de plus en plus d&rsquo;adeptes, le v\u00e9lo. <a class=\"more-link\" href=\"https:\/\/carfree.fr\/index.php\/2019\/10\/01\/cyclosphere\/\">Lire la suite&#8230;<\/a><\/p>\n","protected":false},"author":37,"featured_media":42405,"comment_status":"open","ping_status":"closed","sticky":false,"template":"","format":"standard","meta":[],"categories":[4,7],"tags":[611,1026,646,194,262,1664],"views":9099,"_links":{"self":[{"href":"https:\/\/carfree.fr\/index.php\/wp-json\/wp\/v2\/posts\/42403"}],"collection":[{"href":"https:\/\/carfree.fr\/index.php\/wp-json\/wp\/v2\/posts"}],"about":[{"href":"https:\/\/carfree.fr\/index.php\/wp-json\/wp\/v2\/types\/post"}],"author":[{"embeddable":true,"href":"https:\/\/carfree.fr\/index.php\/wp-json\/wp\/v2\/users\/37"}],"replies":[{"embeddable":true,"href":"https:\/\/carfree.fr\/index.php\/wp-json\/wp\/v2\/comments?post=42403"}],"version-history":[{"count":0,"href":"https:\/\/carfree.fr\/index.php\/wp-json\/wp\/v2\/posts\/42403\/revisions"}],"wp:featuredmedia":[{"embeddable":true,"href":"https:\/\/carfree.fr\/index.php\/wp-json\/wp\/v2\/media\/42405"}],"wp:attachment":[{"href":"https:\/\/carfree.fr\/index.php\/wp-json\/wp\/v2\/media?parent=42403"}],"wp:term":[{"taxonomy":"category","embeddable":true,"href":"https:\/\/carfree.fr\/index.php\/wp-json\/wp\/v2\/categories?post=42403"},{"taxonomy":"post_tag","embeddable":true,"href":"https:\/\/carfree.fr\/index.php\/wp-json\/wp\/v2\/tags?post=42403"}],"curies":[{"name":"wp","href":"https:\/\/api.w.org\/{rel}","templated":true}]}}