{"id":42428,"date":"2019-10-24T09:19:39","date_gmt":"2019-10-24T08:19:39","guid":{"rendered":"http:\/\/carfree.fr\/?p=42428"},"modified":"2025-03-04T21:28:27","modified_gmt":"2025-03-04T20:28:27","slug":"geneve-subventionne-lachat-de-velos-cargos","status":"publish","type":"post","link":"https:\/\/carfree.fr\/index.php\/2019\/10\/24\/geneve-subventionne-lachat-de-velos-cargos\/","title":{"rendered":"Gen\u00e8ve subventionne l&rsquo;achat de v\u00e9los-cargos"},"content":{"rendered":"<p>Avec la subvention cantonale \u00ab\u00a0mobilit\u00e9 douce\u00a0\u00bb, la Ville de Gen\u00e8ve en Suisse souhaite favoriser le d\u00e9veloppement du transport \u00e0 v\u00e9lo d\u2019enfants ou de mat\u00e9riel ainsi que de livraisons par les v\u00e9los-cargos. <!--more--><\/p>\n<p>Apr\u00e8s avoir soutenu avec succ\u00e8s, et durant huit ans, l\u2019acquisition de v\u00e9los \u00e9lectriques, la Ville de Gen\u00e8ve souhaite orienter sa d\u00e9marche en favorisant le d\u00e9veloppement du transport \u00e0 v\u00e9lo d\u2019enfants, de mat\u00e9riel et de livraisons avec les v\u00e9los-cargos.<\/p>\n<p><strong>Achat d&rsquo;un v\u00e9lo-cargo ou d&rsquo;un dispositif de remorquage<\/strong><\/p>\n<p>Le v\u00e9lo-cargo offre une alternative int\u00e9ressante \u00e0 la voiture pour se d\u00e9placer avec des enfants ou pour transporter des marchandises. A cette fin, une subvention correspondant \u00e0 10% du prix d\u2019achat d\u2019un v\u00e9lo-cargo, mais au maximum CHF 500.- (environ 450 euros), peut \u00eatre demand\u00e9e. Cette aide inclut \u00e9galement les v\u00e9los \u00absp\u00e9ciaux\u00bb et les dispositifs de remorquage.<\/p>\n<p><strong>Tests et location de v\u00e9los \u00e9lectriques ou de v\u00e9los-cargo<\/strong><\/p>\n<p>La possibilit\u00e9 de tester les qualit\u00e9s d\u2019un v\u00e9lo \u00e9lectrique, ou d\u2019un v\u00e9lo-cargo est \u00e9galement encourag\u00e9e: elle permet aux cyclistes de mesurer le potentiel de ces v\u00e9los dans le cadre d\u2019un usage r\u00e9gulier. Une location de plus d\u2019un mois est subventionn\u00e9e jusqu\u2019\u00e0 50%, mais au maximum CHF 250.- (environ 230 euros).<\/p>\n<p><strong>Cours de conduite v\u00e9lo<\/strong><\/p>\n<p>Perfectionner sa pratique du v\u00e9lo et conna\u00eetre ses droits et devoirs pour circuler en ville est une s\u00e9curit\u00e9 \u00e0 prendre en compte! La Ville rembourse 75% des frais de formation, mais au maximum CHF 80.- (environ 70 euros), \u00e0 tout-e cycliste qui suit un cours de conduite v\u00e9lo propos\u00e9 par une entit\u00e9 reconnue: Pro V\u00e9lo, TCS, Gen\u00e8vavelo.<\/p>\n<p>Des informations compl\u00e9mentaires ainsi que les conditions d\u2019octroi de cette subvention figurent sur la d\u00e9marche <a href=\"https:\/\/www.ville-geneve.ch\/demarches-administratives\/obtenir-subvention-mobilite-douce\/\" rel=\"noopener\" target=\"_blank\">Obtenir une subvention Mobilit\u00e9 douce<\/a>.<\/p>\n<p>Source: <a href=\"https:\/\/www.ville-geneve.ch\/themes\/mobilite-transport\/velos\/velos-cargos\/\" rel=\"noopener\" target=\"_blank\">https:\/\/www.ville-geneve.ch\/themes\/mobilite-transport\/velos\/velos-cargos\/<\/a><\/p>\n","protected":false},"excerpt":{"rendered":"<p>Avec la subvention cantonale \u00ab\u00a0mobilit\u00e9 douce\u00a0\u00bb, la Ville de Gen\u00e8ve en Suisse souhaite favoriser le d\u00e9veloppement du transport \u00e0 v\u00e9lo d\u2019enfants ou de mat\u00e9riel ainsi que de livraisons par les <a class=\"more-link\" href=\"https:\/\/carfree.fr\/index.php\/2019\/10\/24\/geneve-subventionne-lachat-de-velos-cargos\/\">Lire la suite&#8230;<\/a><\/p>\n","protected":false},"author":1721,"featured_media":42431,"comment_status":"open","ping_status":"closed","sticky":false,"template":"","format":"standard","meta":[],"categories":[4,7],"tags":[588,467,719,1198,105,1664,1065,1587],"views":11571,"_links":{"self":[{"href":"https:\/\/carfree.fr\/index.php\/wp-json\/wp\/v2\/posts\/42428"}],"collection":[{"href":"https:\/\/carfree.fr\/index.php\/wp-json\/wp\/v2\/posts"}],"about":[{"href":"https:\/\/carfree.fr\/index.php\/wp-json\/wp\/v2\/types\/post"}],"author":[{"embeddable":true,"href":"https:\/\/carfree.fr\/index.php\/wp-json\/wp\/v2\/users\/1721"}],"replies":[{"embeddable":true,"href":"https:\/\/carfree.fr\/index.php\/wp-json\/wp\/v2\/comments?post=42428"}],"version-history":[{"count":0,"href":"https:\/\/carfree.fr\/index.php\/wp-json\/wp\/v2\/posts\/42428\/revisions"}],"wp:featuredmedia":[{"embeddable":true,"href":"https:\/\/carfree.fr\/index.php\/wp-json\/wp\/v2\/media\/42431"}],"wp:attachment":[{"href":"https:\/\/carfree.fr\/index.php\/wp-json\/wp\/v2\/media?parent=42428"}],"wp:term":[{"taxonomy":"category","embeddable":true,"href":"https:\/\/carfree.fr\/index.php\/wp-json\/wp\/v2\/categories?post=42428"},{"taxonomy":"post_tag","embeddable":true,"href":"https:\/\/carfree.fr\/index.php\/wp-json\/wp\/v2\/tags?post=42428"}],"curies":[{"name":"wp","href":"https:\/\/api.w.org\/{rel}","templated":true}]}}