{"id":42436,"date":"2019-10-30T09:22:45","date_gmt":"2019-10-30T08:22:45","guid":{"rendered":"http:\/\/carfree.fr\/?p=42436"},"modified":"2019-10-31T08:59:03","modified_gmt":"2019-10-31T07:59:03","slug":"vous-etes-un-des-deux-cyclistes-de-la-ville","status":"publish","type":"post","link":"https:\/\/carfree.fr\/index.php\/2019\/10\/30\/vous-etes-un-des-deux-cyclistes-de-la-ville\/","title":{"rendered":"Vous \u00eates un des deux cyclistes de la ville"},"content":{"rendered":"<p>Les \u00e9lections municipales de mars 2020 constituent un moment cl\u00e9 pour la d\u00e9signation dans votre ville d&rsquo;un maire r\u00e9ellement favorable au d\u00e9veloppement du v\u00e9lo et des transports collectifs et partisan de la limitation de la voiture en ville. <!--more--><\/p>\n<p>Nous l&rsquo;avons vu r\u00e9cemment, on sent actuellement et depuis quelques mois un <a href=\"http:\/\/carfree.fr\/index.php\/2019\/10\/18\/le-velo-vers-un-changement-dechelle\/\" target=\"_blank\" rel=\"noopener\">fr\u00e9missement en ce qui concerne la pratique v\u00e9lo<\/a> dans de nombreuses villes fran\u00e7aises. Malgr\u00e9 l&rsquo;absence encore trop g\u00e9n\u00e9rale d&rsquo;am\u00e9nagements cyclables de qualit\u00e9, il y a de plus en plus de cyclistes dans les rues. Comme tr\u00e8s souvent, les citoyens sont en avance sur les \u00e9lus.<\/p>\n<p>Beaucoup de maires sont en effet encore bagnolophiles. Autrement dit, ils pensent que les gens les ont \u00e9lu pour faire circuler toujours plus de voitures et que les cyclistes sont ultra-minoritaires et que ce n&rsquo;est donc pas la peine de faire des am\u00e9nagements cyclables pour eux.<\/p>\n<p>C&rsquo;est en gros ce qu&rsquo;avait d\u00e9clar\u00e9 l&rsquo;ann\u00e9e derni\u00e8re Philippe Saurel, pr\u00e9sident de la m\u00e9tropole de Montpellier: \u00ab\u00a0<em>Beaucoup de gens utilisent le tramway, et faire des infrastructures pour les v\u00e9los, pour quelles soient utilis\u00e9es par deux personnes, ce n\u2019est peut-\u00eatre pas l\u2019id\u00e9al.<\/em>\u00a0\u00bb<\/p>\n<p>Il ne l&rsquo;avait pas vu venir, mais cette d\u00e9claration montrant la mani\u00e8re dont beaucoup d&rsquo;\u00e9lus per\u00e7oivent le v\u00e9lo <a href=\"http:\/\/carfree.fr\/index.php\/2018\/11\/05\/qui-sont-les-deux-cyclistes-de-montpellier\/\" target=\"_blank\" rel=\"noopener\">avait fait le tour du Web<\/a>. L\u2019association locale V\u00e9locit\u00e9 lan\u00e7ait en effet le hashtag #Jesuisundesdeux sur les r\u00e9seaux sociaux et faisait un carton. Depuis, Philippe Saurel a repris les discussions avec l&rsquo;association v\u00e9lo locale, il a d\u00e9bloqu\u00e9 15 millions d&rsquo;euros pour la circulation \u00e0 v\u00e9lo et il s&rsquo;est m\u00eame rendu \u00e0 Copenhague pour s\u2019inspirer d\u2019une capitale qui compte plus de bicyclettes que de voitures.<\/p>\n<p>On en est encore bien souvent l\u00e0. Beaucoup de maires, et de candidats aux \u00e9lections municipales de 2020, pensent encore que vous \u00eates en gros deux cyclistes seulement dans votre ville et que donc, ce n&rsquo;est pas la peine d&rsquo;investir dans le v\u00e9lo.<\/p>\n<p>Les \u00e9lections approchant, il est peut-\u00eatre temps de se rappeler au bon souvenir des candidats aux \u00e9lections municipales. Et pour cela, tous les moyens sont bons, en particulier ceux qui font le \u00ab\u00a0buzz\u00a0\u00bb sur Internet: r\u00e9seaux sociaux, blogs, photos montrant la r\u00e9alit\u00e9 des am\u00e9nagements cyclables actuels, etc. Bien entendu, les bonnes vieilles m\u00e9thodes marchent aussi: courrier ou lettre ouverte aux candidats, adh\u00e9sion \u00e0 votre association locale v\u00e9lo, interpellation des candidats dans les r\u00e9unions publiques sur les th\u00e8mes du v\u00e9lo et des transports publics et sur la limitation de la voiture en ville.<\/p>\n<p>Avec ses petits moyens, Carfree France peut aussi vous aider. Nous avons plus de 7000 abonn\u00e9s sur <a href=\"https:\/\/www.facebook.com\/carfreefrance\" target=\"_blank\" rel=\"noopener\">Carbook<\/a> et pr\u00e8s de 5000 abonn\u00e9s sur <a href=\"https:\/\/twitter.com\/carfreefrance\" target=\"_blank\" rel=\"noopener\">Twitfree<\/a>, on peut aussi participer \u00e0 votre buzz!<\/p>\n<p>Faites comprendre aux candidats aux \u00e9lections municipales de 2020 qu&rsquo;il y a plus que deux cyclistes dans votre ville!<\/p>\n<p>Et si vous voulez agir d\u00e8s \u00e0 pr\u00e9sent en p\u00e9dalant, participez \u00e0 la grande convergence du v\u00e9lo dimanche 10 novembre 2019. Cet \u00e9v\u00e9nement, c&rsquo;est \u00ab\u00a0Tous \u00e0 v\u00e9lo\u00a0\u00bb, op\u00e9ration nationale \u00e0 l\u2019initiative de <a href=\"https:\/\/www.velocite-montpellier.fr\" target=\"_blank\" rel=\"noopener\">V\u00e9locit\u00e9 Montpellier<\/a>. En local, c\u2019est le 1er anniversaire de #JeSuisUnDesDeux et ses 1500 v\u00e9los r\u00e9unis sur le parvis de la mairie de Montpellier. De nombreuses villes fran\u00e7aises y participent \u00e9galement: Brest, Grenoble, Lyon, Strasbourg, Nantes, etc. Renseignez-vous aupr\u00e8s de votre association v\u00e9lo locale.<\/p>\n<p>C&rsquo;est l\u2019opportunit\u00e9 de faire du v\u00e9lo un v\u00e9ritable enjeu des \u00e9lections municipales de Mars 2020.<\/p>\n","protected":false},"excerpt":{"rendered":"<p>Les \u00e9lections municipales de mars 2020 constituent un moment cl\u00e9 pour la d\u00e9signation dans votre ville d&rsquo;un maire r\u00e9ellement favorable au d\u00e9veloppement du v\u00e9lo et des transports collectifs et partisan <a class=\"more-link\" href=\"https:\/\/carfree.fr\/index.php\/2019\/10\/30\/vous-etes-un-des-deux-cyclistes-de-la-ville\/\">Lire la suite&#8230;<\/a><\/p>\n","protected":false},"author":37,"featured_media":41291,"comment_status":"open","ping_status":"closed","sticky":false,"template":"","format":"standard","meta":[],"categories":[4,7],"tags":[1709,1794,146,568,646,1285,333,850,158,335,332,743,287,133,1664,34],"views":11112,"_links":{"self":[{"href":"https:\/\/carfree.fr\/index.php\/wp-json\/wp\/v2\/posts\/42436"}],"collection":[{"href":"https:\/\/carfree.fr\/index.php\/wp-json\/wp\/v2\/posts"}],"about":[{"href":"https:\/\/carfree.fr\/index.php\/wp-json\/wp\/v2\/types\/post"}],"author":[{"embeddable":true,"href":"https:\/\/carfree.fr\/index.php\/wp-json\/wp\/v2\/users\/37"}],"replies":[{"embeddable":true,"href":"https:\/\/carfree.fr\/index.php\/wp-json\/wp\/v2\/comments?post=42436"}],"version-history":[{"count":0,"href":"https:\/\/carfree.fr\/index.php\/wp-json\/wp\/v2\/posts\/42436\/revisions"}],"wp:featuredmedia":[{"embeddable":true,"href":"https:\/\/carfree.fr\/index.php\/wp-json\/wp\/v2\/media\/41291"}],"wp:attachment":[{"href":"https:\/\/carfree.fr\/index.php\/wp-json\/wp\/v2\/media?parent=42436"}],"wp:term":[{"taxonomy":"category","embeddable":true,"href":"https:\/\/carfree.fr\/index.php\/wp-json\/wp\/v2\/categories?post=42436"},{"taxonomy":"post_tag","embeddable":true,"href":"https:\/\/carfree.fr\/index.php\/wp-json\/wp\/v2\/tags?post=42436"}],"curies":[{"name":"wp","href":"https:\/\/api.w.org\/{rel}","templated":true}]}}