{"id":42463,"date":"2019-11-22T09:15:47","date_gmt":"2019-11-22T08:15:47","guid":{"rendered":"http:\/\/carfree.fr\/?p=42463"},"modified":"2020-01-16T10:55:42","modified_gmt":"2020-01-16T09:55:42","slug":"vers-des-villes-sans-voiture","status":"publish","type":"post","link":"https:\/\/carfree.fr\/index.php\/2019\/11\/22\/vers-des-villes-sans-voiture\/","title":{"rendered":"Vers des villes sans voiture"},"content":{"rendered":"<p>L\u2019automobile s\u2019est \u00e0 ce point impos\u00e9e comme le v\u00e9hicule de nos soci\u00e9t\u00e9s que son omnipr\u00e9sence dans notre univers quotidien n\u2019est plus gu\u00e8re remise en cause. C\u2019est pourtant tout un \u00ab\u00a0monde\u00a0\u00bb que porte la voiture dans ses bagages. Mais le vent semble en train de tourner, et de grandes agglom\u00e9rations essaient de sortir du \u00ab\u00a0tout bagnole\u00a0\u00bb. Le dernier dossier de la revue Silence intitul\u00e9 \u00ab\u00a0Vers des villes sans voiture\u00a0\u00bb se concentre sur la situation en milieu urbain. Quelles sont les mesures les plus efficaces pour faire reculer la place de la voiture en ville? De quelles villes pouvons-nous r\u00eaver qui ne soient plus les royaumes de l\u2019automobile? <!--more--><\/p>\n<p>Imaginez une ville o\u00f9, pour rejoindre son domicile depuis la gare, il serait possible d\u2019emprunter soit des voies cyclables larges, soit une ligne de tramway, soit de petit chemins de traverse verdoyants. Vous y \u00eates? Alors \u00e9coutez le bruit du vent dans les feuilles et les \u00e9clats de voix des enfants qui jouent dans la rue \u2013 sans besoin d\u2019une surveillance anxieuse de chaque instant de leurs parents \u2013 et qui ne sont pas recouverts de bruits de moteurs ou d\u2019acc\u00e9l\u00e9ration des motos. Vous avez le temps de profiter de ce moment puisque vous travaillez \u00e0 temps partiel (pas besoin de rembourser un cr\u00e9dit automobile) et que vos activit\u00e9s et commerces ne sont pas loin de chez vous.<\/p>\n<p>Cet univers parall\u00e8le, c\u2019est celui d\u2019une soci\u00e9t\u00e9 qui n\u2019a pas fait le choix de mettre l\u2019automobile au centre de ses priorit\u00e9s. Vous vous sentez vraiment moins libre? Ou simplement plus paisible, plus vivant\u00b7e?<\/p>\n<p>Ce dossier de la revue Silence explore les voies vers une soci\u00e9t\u00e9 sans voitures en se concentrant sur la situation en milieu urbain, m\u00eame si s\u2019en passer est \u00e9galement un d\u00e9fi de premier ordre dans les zones rurales et p\u00e9riurbaines (1).<\/p>\n<p>Face \u00e0 l\u2019automobile et son monde (celui du p\u00e9trole, des guerres imp\u00e9riales, du chaos climatique, de la b\u00e9tonisation, de la vitesse, de la laideur, des accidents de la route, des parkings g\u00e9ants, etc.), une autre ville est possible, o\u00f9 il fait bon vivre.<\/p>\n<p>Aujourd\u2019hui de nombreuses m\u00e9tropoles remettent en cause le tout-automobile: le vent semble \u00eatre en train de tourner. Mais bien loin des \u00ab\u00a0<em>smart-cities<\/em>,\u00a0\u00bb \u00ab\u00a0<em>villes intelligentes<\/em>\u00a0\u00bb ultra-connect\u00e9es parfois mises en avant dans un d\u00e9lire de progr\u00e8s technologique sans fin, c\u2019est d\u2019autres imaginaires plus conviviaux que nous voulons explorer ici.<\/p>\n<p><em>Vers des villes sans voitures, Silence n\u00b0484, d\u00e9cembre 2019.<\/em><\/p>\n<p><em>Un dossier coordonn\u00e9 par Guillaume Gamblin<\/em><\/p>\n<p><a href=\"https:\/\/www.revuesilence.net\" target=\"_blank\" rel=\"noopener\"><img decoding=\"async\" loading=\"lazy\" class=\"alignnone size-full wp-image-42465\" src=\"http:\/\/carfree.fr\/img\/2019\/11\/silence.jpg\" alt=\"\" width=\"200\" height=\"283\" \/><\/a><\/p>\n<p><a href=\"https:\/\/www.revuesilence.net\" target=\"_blank\" rel=\"noopener\">https:\/\/www.revuesilence.net<\/a><\/p>\n<p>(1) Silence y a consacr\u00e9 le dossier de son num\u00e9ro 317, \u00ab Vivre \u00e0 la campagne sans voiture \u00bb, \u00e0 consulter sur le site de la revue, <a href=\"https:\/\/www.revuesilence.net\" target=\"_blank\" rel=\"noopener\">www.revuesilence.net<\/a>.<\/p>\n","protected":false},"excerpt":{"rendered":"<p>L\u2019automobile s\u2019est \u00e0 ce point impos\u00e9e comme le v\u00e9hicule de nos soci\u00e9t\u00e9s que son omnipr\u00e9sence dans notre univers quotidien n\u2019est plus gu\u00e8re remise en cause. C\u2019est pourtant tout un \u00ab\u00a0monde\u00a0\u00bb <a class=\"more-link\" href=\"https:\/\/carfree.fr\/index.php\/2019\/11\/22\/vers-des-villes-sans-voiture\/\">Lire la suite&#8230;<\/a><\/p>\n","protected":false},"author":1390,"featured_media":42464,"comment_status":"open","ping_status":"closed","sticky":false,"template":"","format":"standard","meta":[],"categories":[4,73,5,72,70,3],"tags":[1709,262,19,35,34,1662],"views":11968,"_links":{"self":[{"href":"https:\/\/carfree.fr\/index.php\/wp-json\/wp\/v2\/posts\/42463"}],"collection":[{"href":"https:\/\/carfree.fr\/index.php\/wp-json\/wp\/v2\/posts"}],"about":[{"href":"https:\/\/carfree.fr\/index.php\/wp-json\/wp\/v2\/types\/post"}],"author":[{"embeddable":true,"href":"https:\/\/carfree.fr\/index.php\/wp-json\/wp\/v2\/users\/1390"}],"replies":[{"embeddable":true,"href":"https:\/\/carfree.fr\/index.php\/wp-json\/wp\/v2\/comments?post=42463"}],"version-history":[{"count":0,"href":"https:\/\/carfree.fr\/index.php\/wp-json\/wp\/v2\/posts\/42463\/revisions"}],"wp:featuredmedia":[{"embeddable":true,"href":"https:\/\/carfree.fr\/index.php\/wp-json\/wp\/v2\/media\/42464"}],"wp:attachment":[{"href":"https:\/\/carfree.fr\/index.php\/wp-json\/wp\/v2\/media?parent=42463"}],"wp:term":[{"taxonomy":"category","embeddable":true,"href":"https:\/\/carfree.fr\/index.php\/wp-json\/wp\/v2\/categories?post=42463"},{"taxonomy":"post_tag","embeddable":true,"href":"https:\/\/carfree.fr\/index.php\/wp-json\/wp\/v2\/tags?post=42463"}],"curies":[{"name":"wp","href":"https:\/\/api.w.org\/{rel}","templated":true}]}}