{"id":42516,"date":"2020-01-06T10:19:27","date_gmt":"2020-01-06T09:19:27","guid":{"rendered":"http:\/\/carfree.fr\/?p=42516"},"modified":"2020-01-16T10:45:51","modified_gmt":"2020-01-16T09:45:51","slug":"un-fleau-une-epidemie","status":"publish","type":"post","link":"https:\/\/carfree.fr\/index.php\/2020\/01\/06\/un-fleau-une-epidemie\/","title":{"rendered":"Un fl\u00e9au, une \u00e9pid\u00e9mie"},"content":{"rendered":"<p>Jamais \u00e9pid\u00e9mies de rage, de dypht\u00e9rie et de croup r\u00e9unies n&rsquo;ont caus\u00e9 autant de victimes que la seule \u00e9pid\u00e9mie d&rsquo;automobilisme qui r\u00e8gne en ce moment. <!--more--><\/p>\n<p>Ne croyez pas que j&rsquo;\u00e9cris l&rsquo;esprit agit\u00e9 et dans un acc\u00e8s de fureur qui pousse la plume \u00e0 amplifier la pens\u00e9e. Nullement. C&rsquo;est dans le plus grand calme et la loupe \u00e0 la main que je viens \u00e9tudier avec vous une grave question.<\/p>\n<p>Je n&rsquo;en note, du reste, que la donn\u00e9e.<\/p>\n<p>C&rsquo;est vous, je l&rsquo;esp\u00e8re, qui en trouverez la solution.<\/p>\n<p>Nous sommes en pr\u00e9sence, non plus d&rsquo;une s\u00e9rie d&rsquo;accidents, mais d&rsquo;un v\u00e9ritable fl\u00e9au, d&rsquo;une \u00e9pid\u00e9mie; c&rsquo;est le seul mot qui convienne exactement \u00e0 la situation. Il ne se passe plus de jour que l&rsquo;engin destructeur ne fauche des vies humaines, aussi bien parmi les chauffeurs que parmi les pi\u00e9tons.<\/p>\n<p>Je ne suis pas de ceux qui s&rsquo;\u00e9crient f\u00e9rocement : \u00ab <em>Que les chauffeurs se d\u00e9molissent eux-m\u00eames, \u00e7a les regarde, pourvu que la vie du public soit \u00e9pargn\u00e9e.<\/em> \u00bb<\/p>\n<p>J&rsquo;estime, au contraire, que si le pi\u00e9ton doit \u00eatre prot\u00e9g\u00e9 contre l&rsquo;automobiliste, celui ci doit l&rsquo;\u00eatre \u00e9galement&#8230; contre lui-m\u00eame.<\/p>\n<p>Nous emp\u00eachons bien un fou de se d\u00e9truire, nous \u00e9loignons d&rsquo;un malade ce qui pourrait lui sugg\u00e9rer une id\u00e9e de suicide.<\/p>\n<p>Pourquoi n&rsquo;en ferions-nous pas autant pour le chauffeur ?<\/p>\n<p>Remarquez que le chauffeur n&rsquo;est lui aussi qu&rsquo;un malade ; c&rsquo;est un d\u00e9s\u00e9quilibr\u00e9, non pas \u00e0 l&rsquo;\u00e9tat permanent, mais d\u00e8s qu&rsquo;il a mis la main sur son volant de direction.<\/p>\n<p>A partir de ce moment, il est pris de fi\u00e8vre, le vertige s&#8217;empare de son esprit, il devient un irresponsable.<\/p>\n<p>Ceci n&rsquo;est pas un paradoxe, et si vous voulez vous en convaincre, interrogez un chauffeur. Ce peut \u00eatre un homme prudent, timor\u00e9 m\u00eame, mais il vous dira qu&rsquo;une fois sur sa machine, il se sent changer petit \u00e0 petit. Une ivresse particuli\u00e8re le p\u00e9n\u00e8tre, et bient\u00f4t il ne se conna\u00eet plus. L&rsquo;agneau timide se trouve transform\u00e9 en un tigre avide de d\u00e9vorer l&rsquo;espace.<\/p>\n<p>Le bolide qui d\u00e9flagre \u00e0 nos yeux est d\u00e8s lors dirig\u00e9 par un fou, par un malade.<\/p>\n<p>Il faut voir en lui, non un malfaiteur qui agit avec pr\u00e9m\u00e9ditation, mais un inconscient qui va \u00e0 la mort et qui y entra\u00eene ses semblables sans se rendre compte de ses actes.<\/p>\n<p>Je connais des personnes qui ont abandonn\u00e9 l&rsquo;auto pour \u00e9chapper \u00e0 la fascination de l&rsquo;espace, comme le kleptomane \u00e9vite les \u00e9talages pour ne pas succomber a une force sup\u00e9rieure \u00e0 sa volont\u00e9.<\/p>\n<p>Le probl\u00e8me, on le voit, touche \u00e0 la pathologie. Il ne faut donc pas chercher \u00e0 le r\u00e9soudre par une brusque r\u00e9pression, par des mesures purement coercitives.<\/p>\n<p>Comme pour toutes les affections end\u00e9miques, il convient surtout de proc\u00e9der par des moyens pr\u00e9ventifs. Les Anglais disent avec raison qu&rsquo;<em>un gramme de pr\u00e9ventif vaut mieux qu&rsquo;un kilo de rem\u00e8de<\/em>.<\/p>\n<p>Quelles seraient donc les meilleures mesures \u00e0 instituer pour combattre l&rsquo;extension de la funeste maladie nouvelle?<\/p>\n<p>Comment pr\u00e9server tant de vies humaines, offertes en holocauste a ce nouveau minotaure? Telle est la question que je vous pose.<\/p>\n<p>T\u00f4t ou tard, le probl\u00e8me s&rsquo;imposera \u00e0 l&rsquo;attention de l&rsquo;autorit\u00e9 publique, qui, actuellement, croit devoir rester indiff\u00e9rente sous l&rsquo;absurde pr\u00e9texte de ne pas entraver l&rsquo;essor d&rsquo;une industrie nouvelle. Comme si le devoir du l\u00e9gislateur \u00e9tait de sacrifier l&rsquo;existence du plus grand nombre \u00e0 l&rsquo;int\u00e9r\u00eat commercial de quelques-uns. Monstrueuse th\u00e9orie, contre laquelle tous les cadavres, qui vont s&rsquo;accumulant, pourraient se lever pour protester.<\/p>\n<p>Mais le jour viendra o\u00f9 les pouvoirs constitu\u00e9s seront forc\u00e9s d&rsquo;ouvrir les yeux. Ce jour-l\u00e0, l&rsquo;\u00e9tude que nous aurons entreprise ensemble, trouvera son application. Et si nos efforts r\u00e9unis aboutissent \u00e0 une sage et judicieuse solution, nous aurons la satisfaction d&rsquo;avoir fait acte utile.<\/p>\n<p>Ce sera notre r\u00e9compense. Vous reconna\u00eetrez avec moi qu&rsquo;il ne saurait y en avoir de meilleure. <\/p>\n<p>Fred Isly, \u00ab\u00a0P\u00eale-M\u00eale Causette\u00a0\u00bb, P\u00eale-M\u00eale, 31 juillet 1904.<\/p>\n","protected":false},"excerpt":{"rendered":"<p>Jamais \u00e9pid\u00e9mies de rage, de dypht\u00e9rie et de croup r\u00e9unies n&rsquo;ont caus\u00e9 autant de victimes que la seule \u00e9pid\u00e9mie d&rsquo;automobilisme qui r\u00e8gne en ce moment.<\/p>\n","protected":false},"author":1662,"featured_media":35114,"comment_status":"open","ping_status":"closed","sticky":false,"template":"","format":"standard","meta":[],"categories":[73,1038],"tags":[1709,224,198,320,178],"views":10571,"_links":{"self":[{"href":"https:\/\/carfree.fr\/index.php\/wp-json\/wp\/v2\/posts\/42516"}],"collection":[{"href":"https:\/\/carfree.fr\/index.php\/wp-json\/wp\/v2\/posts"}],"about":[{"href":"https:\/\/carfree.fr\/index.php\/wp-json\/wp\/v2\/types\/post"}],"author":[{"embeddable":true,"href":"https:\/\/carfree.fr\/index.php\/wp-json\/wp\/v2\/users\/1662"}],"replies":[{"embeddable":true,"href":"https:\/\/carfree.fr\/index.php\/wp-json\/wp\/v2\/comments?post=42516"}],"version-history":[{"count":0,"href":"https:\/\/carfree.fr\/index.php\/wp-json\/wp\/v2\/posts\/42516\/revisions"}],"wp:featuredmedia":[{"embeddable":true,"href":"https:\/\/carfree.fr\/index.php\/wp-json\/wp\/v2\/media\/35114"}],"wp:attachment":[{"href":"https:\/\/carfree.fr\/index.php\/wp-json\/wp\/v2\/media?parent=42516"}],"wp:term":[{"taxonomy":"category","embeddable":true,"href":"https:\/\/carfree.fr\/index.php\/wp-json\/wp\/v2\/categories?post=42516"},{"taxonomy":"post_tag","embeddable":true,"href":"https:\/\/carfree.fr\/index.php\/wp-json\/wp\/v2\/tags?post=42516"}],"curies":[{"name":"wp","href":"https:\/\/api.w.org\/{rel}","templated":true}]}}