{"id":42606,"date":"2020-02-21T10:10:42","date_gmt":"2020-02-21T09:10:42","guid":{"rendered":"http:\/\/carfree.fr\/?p=42606"},"modified":"2023-11-20T14:51:40","modified_gmt":"2023-11-20T13:51:40","slug":"la-tournant-ecologique-du-quinquennat-de-macron","status":"publish","type":"post","link":"https:\/\/carfree.fr\/index.php\/2020\/02\/21\/la-tournant-ecologique-du-quinquennat-de-macron\/","title":{"rendered":"La \u00ab\u00a0tournant \u00e9cologique\u00a0\u00bb du quinquennat de Macron"},"content":{"rendered":"<p>Attention, c&rsquo;est du lourd. Une fois de plus, Macron va sauver la plan\u00e8te, \u00e9pisode 227&#8230; Dans un entretien exclusif au journal DNA le 12 f\u00e9vrier 2020, le pr\u00e9sident de la R\u00e9publique d\u00e9taille sa politique pour l&rsquo;environnement et explique comment il compte mettre \u00ab\u00a0<em>L&rsquo;\u00e9cologie au centre du mod\u00e8le<\/em>.\u00a0\u00bb <!--more--><\/p>\n<p>Apr\u00e8s le \u00ab\u00a0tournant social\u00a0\u00bb du quinquennat que l&rsquo;on peut constater avec le projet de r\u00e9forme des retraites (d\u00e9fense de rire&#8230;), Emmanuel Macron veut d\u00e9sormais imprimer un \u00ab\u00a0tournant \u00e9cologique\u00a0\u00bb au travers de la transition \u00e9nerg\u00e9tique, la pr\u00e9servation de l&rsquo;environnement, la lutte contre la pollution, la d\u00e9fense de la biodiversit\u00e9, etc. N&rsquo;y voyez aucun rapport avec la proximit\u00e9 des \u00e9lections municipales de mars 2020 qui pourraient voir une nouvelle perc\u00e9e des partis dits \u00e9cologistes et une probable d\u00e9rouill\u00e9e du parti dit \u00ab\u00a0En Marche.\u00a0\u00bb<\/p>\n<p><strong>Les effectifs du minist\u00e8re de l&rsquo;\u00e9cologie baissent plus vite que les \u00e9missions de CO2<\/strong><\/p>\n<p>En visite r\u00e9cemment au Mont-Blanc pour expliquer que \u00ab\u00a0<eml>l&rsquo;\u00e9cologie est le combat du si\u00e8cle\u00a0\u00bb (Photo), Emmanuel Macron n&rsquo;a pas souhait\u00e9 rappeler que le minist\u00e8re de l&rsquo;\u00e9cologie a perdu plus de 4.000 emplois depuis le d\u00e9but de son quinquennat. Quand on veut sauver la plan\u00e8te et l&rsquo;environnement, c&rsquo;est le genre d&rsquo;informations qu&rsquo;il vaut mieux passer sous silence. Les glaciers fondent, les effectifs du minist\u00e8re de l&rsquo;\u00e9cologie aussi&#8230;<\/p>\n<p>Selon lui, \u00ab\u00a0<em>il y a eu d&rsquo;abord la prise de conscience, puis les grandes lois de programmation, pour l&rsquo;avenir. Et il y a d\u00e9sormais ce que l&rsquo;on doit faire maintenant, sans attendre. C&rsquo;est ce que nous faisons maintenant depuis deux ans et demi.<\/em>\u00a0\u00bb Supprimer les postes du minist\u00e8re de l&rsquo;\u00e9cologie? <\/p>\n<p>Comme on est sur Carfree, on va faire un \u00ab\u00a0focus\u00a0\u00bb (macronien) sur toutes les r\u00e9volutions qui nous attendent gr\u00e2ce \u00e0 Emmanuel Macron dans le domaine de la mobilit\u00e9: \u00ab\u00a0<em>Autre \u00e9l\u00e9ment tr\u00e8s important, la loi sur les mobilit\u00e9s c&rsquo;est-\u00e0-dire la fa\u00e7on dont on va vers de la mobilit\u00e9 plus douce en ville et une compl\u00e9mentarit\u00e9 des moyens de transport. Nous devons favoriser les transports collectifs, plut\u00f4t hydrog\u00e8ne et \u00e9lectrique, nous devons aussi favoriser le v\u00e9lo avec la possibilit\u00e9 de le trouver \u00e0 l&rsquo;a\u00e9roport, \u00e0 la gare routi\u00e8re ou ferroviaire.<\/em>\u00a0\u00bb<\/p>\n<p>A ce niveau-l\u00e0 de \u00ab\u00a0pens\u00e9e complexe\u00a0\u00bb, ce n&rsquo;est pas donn\u00e9 \u00e0 tout le monde, en particulier \u00e0 tous \u00ab\u00a0<em>ceux qui ne sont rien<\/em>\u00a0\u00bb comme nous, de saisir la port\u00e9e d&rsquo;un tel message jupit\u00e9rien. Si on essaye de d\u00e9coder la disruption, on va faire des bus (Macron) \u00e0 l&rsquo;hydrog\u00e8ne (sachant qu&rsquo;il ne doit pas y avoir plus d&rsquo;une trentaine de stations hydrog\u00e8ne en France&#8230;), on va faire de la \u00ab\u00a0mobilit\u00e9 douce\u00a0\u00bb (de la trottinette \u00e9lectrique en mode free-floating 2.0?) et de l&rsquo;intermodalit\u00e9 avion+v\u00e9lo?<\/p>\n<p>Disons d\u00e9j\u00e0 un mot de la \u00ab\u00a0mobilit\u00e9 douce\u00a0\u00bb, car les \u00ab\u00a0marcheurs\u00a0\u00bb sont cens\u00e9s en conna\u00eetre un rayon&#8230; Quand on parle de \u00ab\u00a0mobilit\u00e9 douce,\u00a0\u00bb en g\u00e9n\u00e9ral on se situe dans le domaine du <em>greenwashing<\/em> pour qualifier quelque chose de pas vraiment d\u00e9fini: la marche, le v\u00e9lo, la trottinette, les transports en commun, voire la voiture \u00e9lectrique, l&rsquo;autopartage ou le covoiturage&#8230; Si on veut vraiment parler de marche ou de v\u00e9lo, on pr\u00e9f\u00e9rera l&rsquo;expression de \u00ab\u00a0mobilit\u00e9 active.\u00a0\u00bb Donc, aller \u00ab\u00a0vers de la mobilit\u00e9 plus douce en ville,\u00a0\u00bb cela veut tout dire et rien dire&#8230; le terme pouvant ici tr\u00e8s bien dire d\u00e9velopper la voiture \u00e9lectrique (ou hydrog\u00e8ne&#8230;) en ville. Au passage, il est assez insupportable de constater que le terme de \u00ab\u00a0marcheurs\u00a0\u00bb soit confisqu\u00e9 par un groupe politique qui n&rsquo;a rien \u00e0 voir avec la marche, activit\u00e9 \u00f4 combien noble d\u00e9fendue avec passion par Henry David Thoreau dans un essai intitul\u00e9 <em><a href=\"http:\/\/carfree.fr\/index.php\/2020\/02\/26\/marcher\/\" rel=\"noopener\" target=\"_blank\">De la marche<\/a><\/em>.<\/p>\n<p>Concernant l&rsquo;id\u00e9e disruptive de \u00ab\u00a0<em>favoriser le v\u00e9lo avec la possibilit\u00e9 de le trouver \u00e0 l&rsquo;a\u00e9roport<\/em>,\u00a0\u00bb il s&rsquo;agit probablement d&rsquo;un nouveau concept d&rsquo;intermodalit\u00e9 avion+v\u00e9lo&#8230; En gros, si on comprend bien l&rsquo;id\u00e9e, apr\u00e8s un voyage en avion \u00e0 l&rsquo;autre bout du monde qui te permet d&rsquo;avoir un bilan carbone sup\u00e9rieur \u00e0 celui de l&rsquo;Ethiopie, tu vas gentiment compenser carbone en arrivant \u00e0 l&rsquo;a\u00e9roport en prenant un v\u00e9lo en libre-service avec une super appli de la GreenTech, car on est dans la start-up nation! Concr\u00e8tement, en tant que premier de cord\u00e9e, tu reviens de ta semaine aux Bahamas avec ta famille, tes sacs et tes valises&#8230; et c&rsquo;est parti \u00e0 v\u00e9lo sur l&rsquo;\u00e9changeur en sortant de Roissy-Charles-de-Gaulle!<\/p>\n<p>Certains esprits malveillants disent que les \u00e9lites sont d\u00e9connect\u00e9es de la r\u00e9alit\u00e9, pourtant Emmanuel Macron nous montre enfin la voie d&rsquo;une mobilit\u00e9 \u00ab\u00a0douce\u00a0\u00bb et \u00ab\u00a0propre\u00a0\u00bb connect\u00e9e aux probl\u00e8mes quotidiens des Fran\u00e7ais&#8230;<\/p>\n<p>Mais la nouvelle sans doute la plus importante de l&rsquo;entretien reste \u00e0 venir. En effet, le pr\u00e9sident de la R\u00e9publique nous apprend en fin d&rsquo;article que \u00ab\u00a0<em>nous devons \u00e9galement remettre sur pied notre mod\u00e8le SNCF.<\/em>\u00a0\u00bb Venant du fossoyeur en chef du syst\u00e8me ferroviaire fran\u00e7ais, cette nouvelle laisse perplexe&#8230; Est-ce que le projet est de mettre les bus Macron sur des rails qui s&rsquo;appelerio&#8230; des trains? Ou alors remettre en service toutes les petites lignes ferroviaires abandonn\u00e9es depuis des ann\u00e9es?<\/p>\n<p>En tout cas, il s&rsquo;agit selon lui de \u00ab\u00a0<em>mesures tr\u00e8s fortes, in\u00e9dites, qui peuvent susciter des tensions dans la soci\u00e9t\u00e9&#8230;<\/em>\u00a0\u00bb On ne voit pas trop les tensions que pourraient susciter une r\u00e9ouverture des petites lignes de trains, mais bon&#8230; Le principal, c&rsquo;est de \u00ab\u00a0<em>remettre l&rsquo;\u00e9cologie au centre du mod\u00e8le&#8230;<\/em>\u00a0\u00bb avec des bus \u00e0 l&rsquo;hydrog\u00e8ne circulant sur des petites lignes de train et de l&rsquo;intermodalit\u00e9 avion+v\u00e9lo&#8230; <\/p>\n<p>Bref, on sent d\u00e9j\u00e0 que le \u00ab\u00a0tournant \u00e9cologique\u00a0\u00bb du quinquennat va \u00eatre tout aussi cr\u00e9dible que le \u00ab\u00a0tournant social&#8230;\u00a0\u00bb<br \/>\n<\/eml><\/p>\n","protected":false},"excerpt":{"rendered":"<p>Attention, c&rsquo;est du lourd. Une fois de plus, Macron va sauver la plan\u00e8te, \u00e9pisode 227&#8230; Dans un entretien exclusif au journal DNA le 12 f\u00e9vrier 2020, le pr\u00e9sident de la <a class=\"more-link\" href=\"https:\/\/carfree.fr\/index.php\/2020\/02\/21\/la-tournant-ecologique-du-quinquennat-de-macron\/\">Lire la suite&#8230;<\/a><\/p>\n","protected":false},"author":18,"featured_media":42607,"comment_status":"open","ping_status":"closed","sticky":false,"template":"","format":"standard","meta":[],"categories":[4,73,9,8,7],"tags":[806,84,1730,410,135,134,287],"views":9744,"_links":{"self":[{"href":"https:\/\/carfree.fr\/index.php\/wp-json\/wp\/v2\/posts\/42606"}],"collection":[{"href":"https:\/\/carfree.fr\/index.php\/wp-json\/wp\/v2\/posts"}],"about":[{"href":"https:\/\/carfree.fr\/index.php\/wp-json\/wp\/v2\/types\/post"}],"author":[{"embeddable":true,"href":"https:\/\/carfree.fr\/index.php\/wp-json\/wp\/v2\/users\/18"}],"replies":[{"embeddable":true,"href":"https:\/\/carfree.fr\/index.php\/wp-json\/wp\/v2\/comments?post=42606"}],"version-history":[{"count":0,"href":"https:\/\/carfree.fr\/index.php\/wp-json\/wp\/v2\/posts\/42606\/revisions"}],"wp:featuredmedia":[{"embeddable":true,"href":"https:\/\/carfree.fr\/index.php\/wp-json\/wp\/v2\/media\/42607"}],"wp:attachment":[{"href":"https:\/\/carfree.fr\/index.php\/wp-json\/wp\/v2\/media?parent=42606"}],"wp:term":[{"taxonomy":"category","embeddable":true,"href":"https:\/\/carfree.fr\/index.php\/wp-json\/wp\/v2\/categories?post=42606"},{"taxonomy":"post_tag","embeddable":true,"href":"https:\/\/carfree.fr\/index.php\/wp-json\/wp\/v2\/tags?post=42606"}],"curies":[{"name":"wp","href":"https:\/\/api.w.org\/{rel}","templated":true}]}}