{"id":42665,"date":"2020-04-01T07:57:44","date_gmt":"2020-04-01T06:57:44","guid":{"rendered":"http:\/\/carfree.fr\/?p=42665"},"modified":"2021-11-17T11:16:08","modified_gmt":"2021-11-17T10:16:08","slug":"attestation-de-deplacement-automobile-derogatoire","status":"publish","type":"post","link":"https:\/\/carfree.fr\/index.php\/2020\/04\/01\/attestation-de-deplacement-automobile-derogatoire\/","title":{"rendered":"Attestation de d\u00e9placement automobile d\u00e9rogatoire"},"content":{"rendered":"<p>La lutte contre le r\u00e9chauffement climatique prend un coup d&rsquo;acc\u00e9l\u00e9rateur (passez-nous l&rsquo;expression) gr\u00e2ce \u00e0 Greta Thunberg et sa <i><span class=\"lang-sv\" lang=\"sv\">Skolstrejk f\u00f6r klimatet<\/span><\/i> (\u00ab\u00a0<em>gr\u00e8ve scolaire pour le climat<\/em>\u00a0\u00bb) d\u00e9but\u00e9e en 2018. En 2019, la pire canicule jamais enregistr\u00e9e s&rsquo;abat sur l&rsquo;Europe, puis des incendies d&rsquo;une ampleur in\u00e9gal\u00e9e ravagent l&rsquo;Australie.\u00a0<!--more--><\/p>\n<p>Le 4 mars 2020, l&rsquo;Union europ\u00e9enne prend enfin des mesures concr\u00e8tes pour enrayer les \u00e9missions polluantes et adopte un r\u00e8glement \u00e9tablissant le cadre requis pour parvenir \u00e0 la neutralit\u00e9 climatique. Hasard du calendrier, ce r\u00e8glement entre en vigueur alors que la quasi totalit\u00e9 des pays membres de l&rsquo;Union luttent par des moyens in\u00e9dits contre le coronavirus.<\/p>\n<p>Autoroutes et villes d\u00e9sencombr\u00e9es gr\u00e2ce aux d\u00e9placements fortement limit\u00e9s, nuisances sonores en forte baisse, recrudescence de l&rsquo;usage du v\u00e9lo et de la marche \u00e0 pied (Belgique, Allemagne&#8230;), les \u00ab\u00a0avantages collat\u00e9raux\u00a0\u00bb des techniques de luttes contre la propagation du COVID-19 inspirent une premi\u00e8re mesure qui, de source s\u00fbre, entrera en vigueur dans les 27 pays de l&rsquo;Union europ\u00e9enne d\u00e8s la lev\u00e9e du confinement.<\/p>\n<p>Les Fran\u00e7ais\u00b7e\u00b7s, Espagnol\u00b7e\u00b7s et Italien\u00b7ne\u00b7s se sont habitu\u00e9\u00b7e\u00b7s \u00e0 remplir une attestation d\u00e9rogatoire avant chaque d\u00e9placement depuis l&rsquo;instauration des mesures de confinement. D&rsquo;ici quelques semaines, l&rsquo;ensemble des Europ\u00e9en\u00b7ne\u00b7s devront remplir <strong>un <a href=\"https:\/\/transports.collectifs.net\/attestation-deplacement-fr-20200401.pdf\" target=\"_blank\" rel=\"noopener\">formulaire<\/a> que Carfree.fr a pu se procurer en avant-premi\u00e8re<\/strong>, avant chaque d\u00e9placement en voiture.<\/p>\n<p>Le principe est simple: l&rsquo;usage d&rsquo;une automobile, quelle que soit sa motorisation, est par d\u00e9faut proscrit. En revanche, tout citoyen pourra d\u00e9clarer que, dans le cas pr\u00e9cis du d\u00e9placement envisag\u00e9, les alternatives que sont la marche, le v\u00e9lo, et les transports en commun ne sont pas une option, et en justifier la raison.<\/p>\n<p>Tout comme pour le confinement, une certaine interpr\u00e9tation est laiss\u00e9e \u00e0 la discr\u00e9tion des individus. \u00c0 chacun\u00b7e de juger ce qu&rsquo;il\u00b7elle consid\u00e8re comme une \u00ab\u00a0distance \u00e0 parcourir trop longue\u00a0\u00bb (\u00e0 pied et \u00e0 v\u00e9lo), et \u00ab\u00a0une dur\u00e9e d\u00e9mesur\u00e9e consacr\u00e9e \u00e0 l&rsquo;attente et au transport\u00a0\u00bb (transports en commun).<\/p>\n<p>Carfree.fr ne peut que se r\u00e9jouir de la fin du droit inconditionnel de rouler en voiture. Une adolescente rebelle et un dr\u00f4le d&rsquo;animal exotique auront d\u00e9cid\u00e9ment induit des changements radicaux dans nos modes de vie!<\/p>\n","protected":false},"excerpt":{"rendered":"<p>La lutte contre le r\u00e9chauffement climatique prend un coup d&rsquo;acc\u00e9l\u00e9rateur (passez-nous l&rsquo;expression) gr\u00e2ce \u00e0 Greta Thunberg et sa Skolstrejk f\u00f6r klimatet (\u00ab\u00a0gr\u00e8ve scolaire pour le climat\u00a0\u00bb) d\u00e9but\u00e9e en 2018. En <a class=\"more-link\" href=\"https:\/\/carfree.fr\/index.php\/2020\/04\/01\/attestation-de-deplacement-automobile-derogatoire\/\">Lire la suite&#8230;<\/a><\/p>\n","protected":false},"author":1591,"featured_media":42676,"comment_status":"open","ping_status":"closed","sticky":false,"template":"","format":"standard","meta":[],"categories":[52,73,1037,124,72],"tags":[57,1799,138,169,846],"views":9509,"_links":{"self":[{"href":"https:\/\/carfree.fr\/index.php\/wp-json\/wp\/v2\/posts\/42665"}],"collection":[{"href":"https:\/\/carfree.fr\/index.php\/wp-json\/wp\/v2\/posts"}],"about":[{"href":"https:\/\/carfree.fr\/index.php\/wp-json\/wp\/v2\/types\/post"}],"author":[{"embeddable":true,"href":"https:\/\/carfree.fr\/index.php\/wp-json\/wp\/v2\/users\/1591"}],"replies":[{"embeddable":true,"href":"https:\/\/carfree.fr\/index.php\/wp-json\/wp\/v2\/comments?post=42665"}],"version-history":[{"count":0,"href":"https:\/\/carfree.fr\/index.php\/wp-json\/wp\/v2\/posts\/42665\/revisions"}],"wp:featuredmedia":[{"embeddable":true,"href":"https:\/\/carfree.fr\/index.php\/wp-json\/wp\/v2\/media\/42676"}],"wp:attachment":[{"href":"https:\/\/carfree.fr\/index.php\/wp-json\/wp\/v2\/media?parent=42665"}],"wp:term":[{"taxonomy":"category","embeddable":true,"href":"https:\/\/carfree.fr\/index.php\/wp-json\/wp\/v2\/categories?post=42665"},{"taxonomy":"post_tag","embeddable":true,"href":"https:\/\/carfree.fr\/index.php\/wp-json\/wp\/v2\/tags?post=42665"}],"curies":[{"name":"wp","href":"https:\/\/api.w.org\/{rel}","templated":true}]}}