{"id":42761,"date":"2020-05-15T09:11:04","date_gmt":"2020-05-15T08:11:04","guid":{"rendered":"http:\/\/carfree.fr\/?p=42761"},"modified":"2022-01-10T16:32:34","modified_gmt":"2022-01-10T15:32:34","slug":"chasse-goupille-15","status":"publish","type":"post","link":"https:\/\/carfree.fr\/index.php\/2020\/05\/15\/chasse-goupille-15\/","title":{"rendered":"Chasse-Goupille 15"},"content":{"rendered":"<p>Ce petit article pour annoncer que le num\u00e9ro 15 de Chasse-Goupille, le fanzine collectif de l&rsquo;\u00e9mancipation par le v\u00e9lo, est \u00e0 100% termin\u00e9! <!--more--><\/p>\n<p>Voici ce que ce num\u00e9ro renferme:<\/p>\n<p>Tout d&rsquo;abord une couverture en couleur o\u00f9 V\u00e9loutre a dessin\u00e9 un h\u00e9risson angoiss\u00e9 qui aime tr\u00e8s fort les v\u00e9los et craint terriblement les voitures&#8230;<\/p>\n<p>Ensuite, l&rsquo;\u00e9dito fulmine contre les \u00ab\u00a0environnementalistes de pacotilles\u00a0\u00bb qui essayent de tout saupoudrer de vert et ferment les yeux sur toutes les autres injustices&#8230; Lena dans son dessin plaide, elle, pour la r\u00e9appropriation du temps*&#8230;<\/p>\n<p>\u00ab\u00a0La v\u00e9lorution en chaussons\u00a0\u00bb raconte une v\u00e9lorution victorieuse dans une petite bourgade de Charente-Limousine&#8230; Gra a imagin\u00e9 une \u00ab\u00a0cyclo-machine \u00e0 d\u00e9brayer\u00a0\u00bb capable en quelques coups de p\u00e9dales de hisser haut et sans effort un subversif et magnifique drapeau \u00ab\u00a0gr\u00e8ve\u00a0\u00bb&#8230;<\/p>\n<p>Marco a r\u00e9dig\u00e9 \u00ab\u00a0A bas les pistes cyclables et les v\u00e9los-routes\u00a0\u00bb (Le titre est choc, mais souvenez-vous: il y a 10 ans nous voulions reprendre la route, ne plus \u00eatre des victimes du trafic mais \u00eatre le trafic, lib\u00e9rer les pi\u00e9tons enferm\u00e9s dans les voitures, et nous avons fini, -sans nous en rendre compte-, d\u00e9vi\u00e9s et entass\u00e9s sur d&rsquo;\u00e9troites pistes cyclables&#8230; Comment en sommes-nous arriv\u00e9s l\u00e0?)&#8230;<\/p>\n<p>Apr\u00e8s c&rsquo;est le tour d&rsquo;H\u00e9lo\u00efse qui signe \u00ab\u00a0Le voyage \u00e0 v\u00e9lo d\u00e9pressif\u00a0\u00bb, il s&rsquo;agit d&rsquo;une critique f\u00e9roce, et trop rare, des r\u00e9cits de \u00ab\u00a0voyages \u00e0 v\u00e9los merveilleux\u00a0\u00bb (o\u00f9 tous les gens rencontr\u00e9s sont accueillants, o\u00f9 tout est d\u00e9veloppement personnel, \u00e9panouissement magique et paysages authentiques)&#8230;<\/p>\n<p>Una temporise avec une b\u00e9d\u00e9 qui proclame qu&rsquo;on n&rsquo;a jamais froid \u00e0 v\u00e9lo&#8230; Candy surench\u00e9rit avec \u00ab\u00a0Winter is cycling\u00a0\u00bb o\u00f9 elle raconte le bonheur de p\u00e9daler sous la neige au Canada (et, rejoint Una, en affirmant qu&rsquo;il est possible de p\u00e9daler toute l&rsquo;ann\u00e9e)&#8230;<\/p>\n<p>Le clou est \u00e9crabouill\u00e9 par \u00ab\u00a0l&rsquo;Hymne cycliste \u00e0 l&rsquo;hiver\u00a0\u00bb de la po\u00e9tesse v\u00e9lorutionnaire Claire Morissette.<\/p>\n<p>George Batavus signe \u00ab\u00a0Au del\u00e0 de cette limite votre corps n&rsquo;est plus valide\u00a0\u00bb, \u00e7a parle d&rsquo;amiti\u00e9, de courses de v\u00e9los f\u00e9minines, puis de solidarit\u00e9 quand une des copines commence \u00e0 perdre de la vitesse.<\/p>\n<p>La famille Dynamo a \u00e9crit le texte \u00ab\u00a0tu fais chier JM\u00a0\u00bb, une sorte de conversation imaginaire avec leur pote JM, un b\u00e9n\u00e9vole de l&rsquo;atelier qui manque au rendez-vous.<\/p>\n<p>Apr\u00e8s \u00e7a, Gra a r\u00e9alis\u00e9, \u00e0 partir d&rsquo;un m\u00e9moire d&rsquo;Education Populaire, une b\u00e9d\u00e9 sur l&rsquo;utopie infernale d&rsquo;un atelier de v\u00e9los d&rsquo;auto-r\u00e9paration (Combien d&rsquo;\u00e9carts entre les paroles et les actes? Combien de concessions et de contradictions? Combien de libert\u00e9 et combien de b\u00e2tons dans les roues?)&#8230;<\/p>\n<p>Dans la m\u00eame lign\u00e9e, le texte \u00ab\u00a0Dix ans plus tard\u00a0\u00bb de B. revient sur le m\u00e9tier de m\u00e9canicien dans un atelier d&rsquo;auto-r\u00e9paration, il parle de la grande utilit\u00e9 sociale des ateliers (v\u00e9ritables refuges urbains et ruraux), de leurs d\u00e9consid\u00e9rations symboliques et financi\u00e8res, ainsi que de la fragilit\u00e9 structurelle des associations qui souvent les portent \u00e0 bout de bras&#8230;<\/p>\n<p>Apr\u00e8s \u00e7a Una et Lucie Fer se pr\u00e9occupent, sch\u00e9mas \u00e0 l&rsquo;appui, d&rsquo;envisager toutes les possibilit\u00e9s pour se d\u00e9placer \u00e0 v\u00e9lo avec des enfants&#8230;<\/p>\n<p>Dans \u00ab\u00a0Halte au Massacre\u00a0\u00bb V\u00e9loutre d\u00e9crit l&rsquo;extermination des animaux par le syst\u00e8me automobile, beaucoup de collisions, de destructions d&rsquo;habitats, mais aussi beaucoup de ruptures dans leurs d\u00e9placements \u00e0 cause de routes infranchissables (Le nombre d&rsquo;insectes, d&rsquo;oiseaux, de blaireaux, de serpents, de grenouilles, de salamandres, de musaraignes, d&rsquo;\u00eatres humains, victimes de la route est faramineux!)&#8230;<\/p>\n<p>Friture raconte son curieux voyage hivernal dans le sud de l&rsquo;Italie&#8230; Fran\u00e7ois raconte comment il a brav\u00e9 toutes les interdictions et r\u00e9ussi \u00e0 voyager avec son v\u00e9lo dans le train (Ol\u00e9!!!)<\/p>\n<p>Pour finir Margotte exil\u00e9e en Bretagne, entre deux averses et trois caf\u00e9s, s&rsquo;amuse po\u00e9tiquement avec les mots et leurs sens&#8230; Elle po\u00e9tise sur tout, son jardin, la mer, les bateaux, son pouce et, bien sur, son cher v\u00e9lo&#8230;<\/p>\n<p>Pour les autres dessins, ce sera la surprise. Un grand merci \u00e0 Lena, H\u00e9lo\u00efse, Mt., Jenny, Dalia, Gra&#8230; Ainsi qu&rsquo;\u00e0 Bibiche et J. qui ont courageusement tout relu et corrig\u00e9.<\/p>\n<p>Collectif Chasse-Goupille<\/p>\n<p><a href=\"https:\/\/wiklou.org\/wiki\/Chasse-Goupille_(fanzine)\" target=\"_blank\" rel=\"noopener\">https:\/\/wiklou.org\/wiki\/Chasse-Goupille_(fanzine)<\/a><\/p>\n","protected":false},"excerpt":{"rendered":"<p>Ce petit article pour annoncer que le num\u00e9ro 15 de Chasse-Goupille, le fanzine collectif de l&rsquo;\u00e9mancipation par le v\u00e9lo, est \u00e0 100% termin\u00e9!<\/p>\n","protected":false},"author":1694,"featured_media":42762,"comment_status":"open","ping_status":"closed","sticky":false,"template":"","format":"standard","meta":[],"categories":[4,72,7],"tags":[186,646,262,1664,113],"views":8115,"_links":{"self":[{"href":"https:\/\/carfree.fr\/index.php\/wp-json\/wp\/v2\/posts\/42761"}],"collection":[{"href":"https:\/\/carfree.fr\/index.php\/wp-json\/wp\/v2\/posts"}],"about":[{"href":"https:\/\/carfree.fr\/index.php\/wp-json\/wp\/v2\/types\/post"}],"author":[{"embeddable":true,"href":"https:\/\/carfree.fr\/index.php\/wp-json\/wp\/v2\/users\/1694"}],"replies":[{"embeddable":true,"href":"https:\/\/carfree.fr\/index.php\/wp-json\/wp\/v2\/comments?post=42761"}],"version-history":[{"count":0,"href":"https:\/\/carfree.fr\/index.php\/wp-json\/wp\/v2\/posts\/42761\/revisions"}],"wp:featuredmedia":[{"embeddable":true,"href":"https:\/\/carfree.fr\/index.php\/wp-json\/wp\/v2\/media\/42762"}],"wp:attachment":[{"href":"https:\/\/carfree.fr\/index.php\/wp-json\/wp\/v2\/media?parent=42761"}],"wp:term":[{"taxonomy":"category","embeddable":true,"href":"https:\/\/carfree.fr\/index.php\/wp-json\/wp\/v2\/categories?post=42761"},{"taxonomy":"post_tag","embeddable":true,"href":"https:\/\/carfree.fr\/index.php\/wp-json\/wp\/v2\/tags?post=42761"}],"curies":[{"name":"wp","href":"https:\/\/api.w.org\/{rel}","templated":true}]}}