{"id":42794,"date":"2020-06-05T10:28:24","date_gmt":"2020-06-05T09:28:24","guid":{"rendered":"http:\/\/carfree.fr\/?p=42794"},"modified":"2020-06-05T10:28:24","modified_gmt":"2020-06-05T09:28:24","slug":"charte-air-energie-sante","status":"publish","type":"post","link":"https:\/\/carfree.fr\/index.php\/2020\/06\/05\/charte-air-energie-sante\/","title":{"rendered":"Charte Air-Energie-Sant\u00e9"},"content":{"rendered":"<p>Chaque jour environ 15 000 litres d&rsquo;air transitent par nos voies respiratoires. Contrairement \u00e0 l&rsquo;eau potable que nous buvons, nous ne pouvons malheureusement pas choisir l&rsquo;air que nous respirons. <!--more--><\/p>\n<p>La mauvaise qualit\u00e9 de l&rsquo;air est la deuxi\u00e8me cause de mortalit\u00e9 \u00e9vitable en France avec une surmortalit\u00e9 \u00e9valu\u00e9e \u00e0 67 000 d\u00e9c\u00e8s par an. Elle est la cause de nombreuses maladies et affections respiratoires et cardiovasculaires. Son co\u00fbt a \u00e9t\u00e9 estim\u00e9 \u00e0 101,3 milliards d&rsquo;euros par an dans un rapport du S\u00e9nat de juillet 2015 intitul\u00e9 \u00ab\u00a0<a href=\"https:\/\/www.senat.fr\/notice-rapport\/2014\/r14-610-1-notice.html\" rel=\"noopener\" target=\"_blank\">Pollution de l&rsquo;air: le co\u00fbt de l&rsquo;inaction<\/a>\u00a0\u00bb.<\/p>\n<p>Nos modes de d\u00e9placements individuels, de chauffage et de consommation modulent fortement les \u00e9missions de polluants de l&rsquo;air \u00e0 la fois localement et globalement. Ceux-ci ont donc un impact direct sur notre sant\u00e9 et notre environnement.<\/p>\n<p>Lors du confinement li\u00e9 \u00e0 la pand\u00e9mie de Covid-19 du 17 mars au 10 mai 2020, nous avons pu respirer un air d\u00e9pourvu des gaz d&rsquo;\u00e9chappement des moteurs diesel et retrouver le silence.<\/p>\n<p>Ne reproduisons pas nos usages d&rsquo;avant la pand\u00e9mie. La charte\u00a0Air-Energie-Sant\u00e9 constitue un guide des bonnes pratiques pour aider les habitant.e.s \u00e0 pr\u00e9server la qualit\u00e9 de l&rsquo;air et donc la sant\u00e9 de tous.<\/p>\n<p><a href=\"https:\/\/drive.google.com\/file\/d\/1V_CDelCPVIzlk07059pARcktXWsw36TW\/view\" rel=\"noopener\" target=\"_blank\"><strong>Charte Air-\u00c9nergie-Sant\u00e9 \u2013 Engagements<\/strong><\/a><\/p>\n<p>(signature en ligne en bas de la charte)<\/p>\n<p><em>Dessin Jean Perrin<\/em><\/p>\n","protected":false},"excerpt":{"rendered":"<p>Chaque jour environ 15 000 litres d&rsquo;air transitent par nos voies respiratoires. Contrairement \u00e0 l&rsquo;eau potable que nous buvons, nous ne pouvons malheureusement pas choisir l&rsquo;air que nous respirons.<\/p>\n","protected":false},"author":1599,"featured_media":42805,"comment_status":"open","ping_status":"closed","sticky":false,"template":"","format":"standard","meta":[],"categories":[4,9,1037,124,72,8,7],"tags":[244,57,188,1799,68,33],"views":10098,"_links":{"self":[{"href":"https:\/\/carfree.fr\/index.php\/wp-json\/wp\/v2\/posts\/42794"}],"collection":[{"href":"https:\/\/carfree.fr\/index.php\/wp-json\/wp\/v2\/posts"}],"about":[{"href":"https:\/\/carfree.fr\/index.php\/wp-json\/wp\/v2\/types\/post"}],"author":[{"embeddable":true,"href":"https:\/\/carfree.fr\/index.php\/wp-json\/wp\/v2\/users\/1599"}],"replies":[{"embeddable":true,"href":"https:\/\/carfree.fr\/index.php\/wp-json\/wp\/v2\/comments?post=42794"}],"version-history":[{"count":0,"href":"https:\/\/carfree.fr\/index.php\/wp-json\/wp\/v2\/posts\/42794\/revisions"}],"wp:featuredmedia":[{"embeddable":true,"href":"https:\/\/carfree.fr\/index.php\/wp-json\/wp\/v2\/media\/42805"}],"wp:attachment":[{"href":"https:\/\/carfree.fr\/index.php\/wp-json\/wp\/v2\/media?parent=42794"}],"wp:term":[{"taxonomy":"category","embeddable":true,"href":"https:\/\/carfree.fr\/index.php\/wp-json\/wp\/v2\/categories?post=42794"},{"taxonomy":"post_tag","embeddable":true,"href":"https:\/\/carfree.fr\/index.php\/wp-json\/wp\/v2\/tags?post=42794"}],"curies":[{"name":"wp","href":"https:\/\/api.w.org\/{rel}","templated":true}]}}