{"id":42809,"date":"2020-06-12T09:53:53","date_gmt":"2020-06-12T08:53:53","guid":{"rendered":"http:\/\/carfree.fr\/?p=42809"},"modified":"2020-12-23T12:05:36","modified_gmt":"2020-12-23T11:05:36","slug":"automobile-defendre-lemploi-et-changer-les-modes-de-deplacement","status":"publish","type":"post","link":"https:\/\/carfree.fr\/index.php\/2020\/06\/12\/automobile-defendre-lemploi-et-changer-les-modes-de-deplacement\/","title":{"rendered":"Automobile : d\u00e9fendre l&#8217;emploi et changer les modes de d\u00e9placement"},"content":{"rendered":"<p>Face aux suppressions massives d&#8217;emplois pr\u00e9vues dans la fili\u00e8re automobile, la Commission nationale \u00e9cologie et le secteur automobile du NPA (Nouveau Parti Anticapitaliste) ont r\u00e9alis\u00e9 un dossier sur la n\u00e9cessaire reconversion de l&rsquo;industrie automobile dans le cadre de la crise sanitaire et climatique actuelle. <!--more--><\/p>\n<p>Le 10 avril, le pr\u00e9sident de Renault d\u00e9clarait qu\u2019il fallait se pr\u00e9parer \u00e0 travailler 60 heures par semaine lors de la reprise de la production apr\u00e8s le confinement. Le 29 mai, le m\u00eame annonce la suppression dans le groupe Renault de 15\u2009000 emplois dans le monde dont 4\u2009600 en France. Leur monde est celui des salari\u00e9Es exploitables et jetables.<\/p>\n<p>Le montant de deux milliards d\u2019euros d\u2019\u00e9conomies pour Renault est exactement celui qui avait \u00e9t\u00e9 annonc\u00e9 au mois de f\u00e9vrier 2020. Les cons\u00e9quences de l\u2019\u00e9pid\u00e9mie ne pouvaient donc pas encore avoir \u00e9t\u00e9 prises en compte. La crise qui pointe dans l\u2019industrie automobile mondiale depuis plusieurs mois ne peut que s\u2019amplifier \u00e0 mesure de l\u2019augmentation g\u00e9n\u00e9rale du ch\u00f4mage, et elle n\u2019est pas cyclique au sens o\u00f9, naturellement, la production d\u2019automobiles reprendrait son cours avec les m\u00eames entreprises ayant renou\u00e9 avec le profit. \u00c0 cet arr\u00eat \u00ab\u2009jamais vu\u2009\u00bb de la production d\u2019automobiles dans le monde, au d\u00e9r\u00e8glement \u00ab\u2009jamais vu\u2009\u00bb du climat, vont correspondre des restructurations et des attaques elles aussi in\u00e9dites. D\u2019o\u00f9 la n\u00e9cessit\u00e9 d\u2019une riposte tout aussi in\u00e9dite, du monde du travail et bien au-del\u00e0, pour commencer \u00e0 s\u2019attaquer \u00e0 une reconversion de productions centr\u00e9es aujourd\u2019hui autour du \u00ab\u2009tout bagnole, tout camion, tout route\u2009\u00bb, au c\u0153ur de la pollution et de la catastrophe climatique en cours.<\/p>\n<p><em>Dossier r\u00e9alis\u00e9 par le secteur automobile du NPA et la Commission nationale \u00e9cologie.<\/em><\/p>\n","protected":false},"excerpt":{"rendered":"<p>Face aux suppressions massives d&#8217;emplois pr\u00e9vues dans la fili\u00e8re automobile, la Commission nationale \u00e9cologie et le secteur automobile du NPA (Nouveau Parti Anticapitaliste) ont r\u00e9alis\u00e9 un dossier sur la n\u00e9cessaire <a class=\"more-link\" href=\"https:\/\/carfree.fr\/index.php\/2020\/06\/12\/automobile-defendre-lemploi-et-changer-les-modes-de-deplacement\/\">Lire la suite&#8230;<\/a><\/p>\n","protected":false},"author":480,"featured_media":42810,"comment_status":"open","ping_status":"closed","sticky":false,"template":"","format":"standard","meta":[],"categories":[4,73],"tags":[85,138,725,81,235],"views":10621,"_links":{"self":[{"href":"https:\/\/carfree.fr\/index.php\/wp-json\/wp\/v2\/posts\/42809"}],"collection":[{"href":"https:\/\/carfree.fr\/index.php\/wp-json\/wp\/v2\/posts"}],"about":[{"href":"https:\/\/carfree.fr\/index.php\/wp-json\/wp\/v2\/types\/post"}],"author":[{"embeddable":true,"href":"https:\/\/carfree.fr\/index.php\/wp-json\/wp\/v2\/users\/480"}],"replies":[{"embeddable":true,"href":"https:\/\/carfree.fr\/index.php\/wp-json\/wp\/v2\/comments?post=42809"}],"version-history":[{"count":0,"href":"https:\/\/carfree.fr\/index.php\/wp-json\/wp\/v2\/posts\/42809\/revisions"}],"wp:featuredmedia":[{"embeddable":true,"href":"https:\/\/carfree.fr\/index.php\/wp-json\/wp\/v2\/media\/42810"}],"wp:attachment":[{"href":"https:\/\/carfree.fr\/index.php\/wp-json\/wp\/v2\/media?parent=42809"}],"wp:term":[{"taxonomy":"category","embeddable":true,"href":"https:\/\/carfree.fr\/index.php\/wp-json\/wp\/v2\/categories?post=42809"},{"taxonomy":"post_tag","embeddable":true,"href":"https:\/\/carfree.fr\/index.php\/wp-json\/wp\/v2\/tags?post=42809"}],"curies":[{"name":"wp","href":"https:\/\/api.w.org\/{rel}","templated":true}]}}