{"id":42831,"date":"2020-06-19T08:40:40","date_gmt":"2020-06-19T07:40:40","guid":{"rendered":"http:\/\/carfree.fr\/?p=42831"},"modified":"2020-06-19T08:40:40","modified_gmt":"2020-06-19T07:40:40","slug":"rendre-la-ville-aux-pietons","status":"publish","type":"post","link":"https:\/\/carfree.fr\/index.php\/2020\/06\/19\/rendre-la-ville-aux-pietons\/","title":{"rendered":"Rendre la ville aux pi\u00e9tons"},"content":{"rendered":"<p>Le premier mode de d\u00e9placement en ville, c&rsquo;est la marche. Il est gratuit, \u00e9cologique, ouvert \u00e0 tous: enfants et personnes \u00e2g\u00e9es, parents avec poussettes ou personnes handicap\u00e9es, riches et pauvres, etc. Evidemment, il ne pollue pas. <!--more--><\/p>\n<p>La marche ne concerne que les petites distances, mais, malheureusement c&rsquo;est un mode de d\u00e9placement souvent d\u00e9laiss\u00e9 par les pouvoir publics.<\/p>\n<p>Encourager les citoyens \u00e0 marcher dans leur ville, c&rsquo;est pourtant la meilleure mani\u00e8re de l&rsquo;apaiser, de la s\u00e9curiser, de favoriser les \u00e9changes et le commerce&#8230; bref, de vivre ensemble.<\/p>\n<p>L&rsquo;association Respire encourage cette mobilit\u00e9, en particulier aux abords des \u00e9coles, ces lieux symboliques de notre r\u00e9publique.<\/p>\n<p>Nous lan\u00e7ons donc une campagne sur ce th\u00e8me. Cette campagne commence sur Paris, nous esp\u00e9rons pouvoir l&rsquo;\u00e9tendre prochainement \u00e0 d&rsquo;autres villes.<\/p>\n<p>Pour cela, nous faisons appel \u00e0 vous : nous voulons faire entendre les avis, les demandes ou les dol\u00e9ances des citoyens. Alors indiquez-nous les points que vous souhaitez pi\u00e9tonniser autour de vous et des \u00e9coles.<\/p>\n<p>Nous avons commenc\u00e9 \u00e0 construire une carte des sites concern\u00e9s (encore une fois, partielle, trop parisienne,&#8230;) Aidez-nous \u00e0 l&rsquo;enrichir !<br \/>\n<a href=\"http:\/\/umap.openstreetmap.fr\/fr\/map\/pietonnisation-paris-respire_460523#12\/48.8511\/2.3869\" target=\"_blank\" rel=\"noopener\">http:\/\/umap.openstreetmap.fr\/fr\/map\/pietonnisation-paris-respire_460523#12\/48.8511\/2.3869<\/a><\/p>\n<p><a href=\"http:\/\/umap.openstreetmap.fr\/fr\/map\/pietonnisation-respire_460523#12\/48.8511\/2.3869\"><img decoding=\"async\" loading=\"lazy\" class=\"alignnone wp-image-42832 size-full\" src=\"http:\/\/carfree.fr\/img\/2020\/06\/respire-pietons.jpg\" alt=\"\" width=\"700\" height=\"303\" srcset=\"https:\/\/carfree.fr\/img\/2020\/06\/respire-pietons.jpg 700w, https:\/\/carfree.fr\/img\/2020\/06\/respire-pietons-640x277.jpg 640w\" sizes=\"(max-width: 700px) 100vw, 700px\" \/><\/a><\/p>\n<p>Pour ce faire, il vous suffit de remplir le formulaire ci-dessous (Il ne faut pas plus de 3 minutes).<br \/>\n<a href=\"https:\/\/docs.google.com\/forms\/d\/e\/1FAIpQLScp0ePSGzz88wm_2dFyOuDsHKH04ROJ29Sf2tlTPqgeZhcMSQ\/viewform\" target=\"_blank\" rel=\"noopener\">https:\/\/docs.google.com\/forms\/d\/e\/1FAIpQLScp0ePSGzz88wm_2dFyOuDsHKH04ROJ29Sf2tlTPqgeZhcMSQ\/viewform<\/a><\/p>\n<p>Passages pi\u00e9tons dangereux, vitesses et trafics trop importants engendrant bruit, pollution et ins\u00e9curit\u00e9 routi\u00e8re, stationnements anarchiques des v\u00e9hicules autour des \u00e9coles, \u00e0 des titres divers et dans des configurations sp\u00e9cifiques : chaque situation est particuli\u00e8re, plus ou moins insupportable.<\/p>\n<p>Notre objectif est de recenser ces situations pour interpeller les pouvoirs publics &#8211; en particulier les municipalit\u00e9s &#8211; et leur demander d&rsquo;intervenir, en concertation avec les habitants.<\/p>\n<p>Ensemble, rendons la ville aux pi\u00e9tons.<\/p>\n<p><a href=\"https:\/\/www.respire-asso.org\" target=\"_blank\" rel=\"noopener\">https:\/\/www.respire-asso.org<\/a><\/p>\n","protected":false},"excerpt":{"rendered":"<p>Le premier mode de d\u00e9placement en ville, c&rsquo;est la marche. Il est gratuit, \u00e9cologique, ouvert \u00e0 tous: enfants et personnes \u00e2g\u00e9es, parents avec poussettes ou personnes handicap\u00e9es, riches et pauvres, <a class=\"more-link\" href=\"https:\/\/carfree.fr\/index.php\/2020\/06\/19\/rendre-la-ville-aux-pietons\/\">Lire la suite&#8230;<\/a><\/p>\n","protected":false},"author":620,"featured_media":42833,"comment_status":"open","ping_status":"closed","sticky":false,"template":"","format":"standard","meta":[],"categories":[4,9],"tags":[1715,848,640,588,135,106,101,33],"views":10973,"_links":{"self":[{"href":"https:\/\/carfree.fr\/index.php\/wp-json\/wp\/v2\/posts\/42831"}],"collection":[{"href":"https:\/\/carfree.fr\/index.php\/wp-json\/wp\/v2\/posts"}],"about":[{"href":"https:\/\/carfree.fr\/index.php\/wp-json\/wp\/v2\/types\/post"}],"author":[{"embeddable":true,"href":"https:\/\/carfree.fr\/index.php\/wp-json\/wp\/v2\/users\/620"}],"replies":[{"embeddable":true,"href":"https:\/\/carfree.fr\/index.php\/wp-json\/wp\/v2\/comments?post=42831"}],"version-history":[{"count":0,"href":"https:\/\/carfree.fr\/index.php\/wp-json\/wp\/v2\/posts\/42831\/revisions"}],"wp:featuredmedia":[{"embeddable":true,"href":"https:\/\/carfree.fr\/index.php\/wp-json\/wp\/v2\/media\/42833"}],"wp:attachment":[{"href":"https:\/\/carfree.fr\/index.php\/wp-json\/wp\/v2\/media?parent=42831"}],"wp:term":[{"taxonomy":"category","embeddable":true,"href":"https:\/\/carfree.fr\/index.php\/wp-json\/wp\/v2\/categories?post=42831"},{"taxonomy":"post_tag","embeddable":true,"href":"https:\/\/carfree.fr\/index.php\/wp-json\/wp\/v2\/tags?post=42831"}],"curies":[{"name":"wp","href":"https:\/\/api.w.org\/{rel}","templated":true}]}}