{"id":4287,"date":"2009-09-24T15:36:25","date_gmt":"2009-09-24T14:36:25","guid":{"rendered":"http:\/\/carfree.fr\/?p=4287"},"modified":"2016-04-04T12:54:09","modified_gmt":"2016-04-04T11:54:09","slug":"trop-de-velos-abusent-des-parkings-de-nos-chers-voitures","status":"publish","type":"post","link":"https:\/\/carfree.fr\/index.php\/2009\/09\/24\/trop-de-velos-abusent-des-parkings-de-nos-chers-voitures\/","title":{"rendered":"Trop de v\u00e9los abusent des parkings de nos ch\u00e8res voitures!"},"content":{"rendered":"<p><img decoding=\"async\" loading=\"lazy\" title=\"flyers_panneaux_planches\" src=\"http:\/\/carfree.fr\/images\/flyers_panneaux_planches.jpg\" alt=\"flyers_panneaux_planches\" width=\"420\" height=\"200\" \/><\/p>\n<p>Si toi aussi, tu en as\u00a0ras le guidon\u00a0des voitures gar\u00e9es sur les pistes cyclables, voici un flyer sp\u00e9cialement r\u00e9alis\u00e9 pour toi !<\/p>\n<p><!--more--><\/p>\n<p><img decoding=\"async\" loading=\"lazy\" title=\"flyers_velorution_nice\" src=\"http:\/\/carfree.fr\/images\/flyers_velorution_nice.jpg\" alt=\"flyers_velorution_nice\" width=\"400\" height=\"566\" \/><\/p>\n<p>Flyers pour les voitures gar\u00e9es sur les pistes cyclables!<\/p>\n<p><a title=\"http:\/\/ademonice.free.fr\/velorution\/flyers_panneaux_planches.jpg\" href=\"http:\/\/ademonice.free.fr\/velorution\/flyers_panneaux_planches.jpg\" target=\"_blank\">T\u00e9l\u00e9chargement du flyer au format maximal<\/a><\/p>\n<p>Source: <a title=\"http:\/\/velorution06.wordpress.com\/\" href=\"http:\/\/velorution06.wordpress.com\/\" target=\"_blank\">V\u00e9lorution Nice<\/a><\/p>\n","protected":false},"excerpt":{"rendered":"<p>Si toi aussi, tu en as\u00a0ras le guidon\u00a0des voitures gar\u00e9es sur les pistes cyclables, voici un flyer sp\u00e9cialement r\u00e9alis\u00e9 pour toi !<\/p>\n","protected":false},"author":168,"featured_media":4286,"comment_status":"open","ping_status":"open","sticky":false,"template":"","format":"standard","meta":[],"categories":[4,7],"tags":[44,215,1664,113],"views":6539,"_links":{"self":[{"href":"https:\/\/carfree.fr\/index.php\/wp-json\/wp\/v2\/posts\/4287"}],"collection":[{"href":"https:\/\/carfree.fr\/index.php\/wp-json\/wp\/v2\/posts"}],"about":[{"href":"https:\/\/carfree.fr\/index.php\/wp-json\/wp\/v2\/types\/post"}],"author":[{"embeddable":true,"href":"https:\/\/carfree.fr\/index.php\/wp-json\/wp\/v2\/users\/168"}],"replies":[{"embeddable":true,"href":"https:\/\/carfree.fr\/index.php\/wp-json\/wp\/v2\/comments?post=4287"}],"version-history":[{"count":0,"href":"https:\/\/carfree.fr\/index.php\/wp-json\/wp\/v2\/posts\/4287\/revisions"}],"wp:featuredmedia":[{"embeddable":true,"href":"https:\/\/carfree.fr\/index.php\/wp-json\/"}],"wp:attachment":[{"href":"https:\/\/carfree.fr\/index.php\/wp-json\/wp\/v2\/media?parent=4287"}],"wp:term":[{"taxonomy":"category","embeddable":true,"href":"https:\/\/carfree.fr\/index.php\/wp-json\/wp\/v2\/categories?post=4287"},{"taxonomy":"post_tag","embeddable":true,"href":"https:\/\/carfree.fr\/index.php\/wp-json\/wp\/v2\/tags?post=4287"}],"curies":[{"name":"wp","href":"https:\/\/api.w.org\/{rel}","templated":true}]}}