{"id":42870,"date":"2020-06-29T08:50:28","date_gmt":"2020-06-29T07:50:28","guid":{"rendered":"http:\/\/carfree.fr\/?p=42870"},"modified":"2020-10-06T13:32:09","modified_gmt":"2020-10-06T12:32:09","slug":"parisdam","status":"publish","type":"post","link":"https:\/\/carfree.fr\/index.php\/2020\/06\/29\/parisdam\/","title":{"rendered":"Parisdam"},"content":{"rendered":"<p>Il y avait Amsterdam et Rotterdam, il y a d\u00e9sormais Parisdam! La capitale fran\u00e7aise en plein d\u00e9confinement prend des airs de ville hollandaise. On a rarement vu, pour ne pas dire jamais, autant de v\u00e9los dans les rues de Paris. De m\u00e9moire de cycliste parisien, il se passe quelque chose&#8230;\u00a0<!--more--><\/p>\n<p>Il y a d\u00e9j\u00e0 la sortie du confinement et sans doute une furieuse envie de p\u00e9daler les cheveux au vent&#8230; Il y a aussi sans doute pour beaucoup l&rsquo;appr\u00e9hension des transports en commun, en particulier du m\u00e9tro. Mais il y a aussi le beau temps, l&rsquo;arriv\u00e9e de l&rsquo;\u00e9t\u00e9. On pourrait aussi citer les am\u00e9nagements cyclables provisoires li\u00e9s \u00e0 la crise sanitaire ou l&rsquo;aide financi\u00e8re de 50 euros pour faire r\u00e9parer son v\u00e9lo.<\/p>\n<p>Bref, il y a comme une conjonction de plan\u00e8tes favorable \u00e0 l&rsquo;explosion du v\u00e9lo. En ce moment, on trouve de nombreuses photos et surtout vid\u00e9os sur les r\u00e9seaux sociaux de cette fr\u00e9n\u00e9sie cyclable qui semble s&#8217;emparer de Paris. Voici quelques exemples tir\u00e9s du compte Twitter de <a href=\"https:\/\/twitter.com\/EmmanuelSPV\" rel=\"noopener\" target=\"_blank\">EmmanuelSPV<\/a>. Et il y en a d&rsquo;autres sur son compte ainsi que des statistiques de fr\u00e9quentation des pistes cyclables qui explosent&#8230;<\/p>\n<p>A vrai dire, cela nous donnerait presque envie de chialer, de bonheur bien s\u00fbr.<\/p>\n<blockquote class=\"twitter-tweet\" data-width=\"550\" data-dnt=\"true\">\n<p lang=\"fr\" dir=\"ltr\">2 min 20 de Boulevard S\u00e9bastopol a 19h. <a href=\"https:\/\/t.co\/apqobohhxN\">pic.twitter.com\/apqobohhxN<\/a><\/p>\n<p>&mdash; Emmanuel (@EmmanuelSPV) <a href=\"https:\/\/twitter.com\/EmmanuelSPV\/status\/1275476832352178186?ref_src=twsrc%5Etfw\">June 23, 2020<\/a><\/p><\/blockquote>\n<p><script async src=\"https:\/\/platform.twitter.com\/widgets.js\" charset=\"utf-8\"><\/script><\/p>\n<blockquote class=\"twitter-tweet\" data-width=\"550\" data-dnt=\"true\">\n<p lang=\"fr\" dir=\"ltr\">Le passage au vert des feux au bout de la Rue Saint-Antoine vers la Place de la Bastille. En tendant bien l&#39;oreille au casque, on entend vers la treizi\u00e8me seconde, un passant qui dit &quot;J&#39;ai jamais vu autant de v\u00e9los&quot;. <a href=\"https:\/\/t.co\/fLVvNAJ4Ci\">pic.twitter.com\/fLVvNAJ4Ci<\/a><\/p>\n<p>&mdash; Emmanuel (@EmmanuelSPV) <a href=\"https:\/\/twitter.com\/EmmanuelSPV\/status\/1275698275027476482?ref_src=twsrc%5Etfw\">June 24, 2020<\/a><\/p><\/blockquote>\n<p><script async src=\"https:\/\/platform.twitter.com\/widgets.js\" charset=\"utf-8\"><\/script><\/p>\n<blockquote class=\"twitter-tweet\" data-width=\"550\" data-dnt=\"true\">\n<p lang=\"fr\" dir=\"ltr\">C\u2019est pas neuf, c\u2019est pas nouveau ?<br \/>Ben autant de monde \u00e0 v\u00e9lo si un peu quand m\u00eame.<br \/>Bas de l\u2019Avenue S\u00e9cr\u00e9tan dans le 19e. <a href=\"https:\/\/t.co\/ocZ7Iiw9Mu\">pic.twitter.com\/ocZ7Iiw9Mu<\/a><\/p>\n<p>&mdash; Emmanuel (@EmmanuelSPV) <a href=\"https:\/\/twitter.com\/EmmanuelSPV\/status\/1275838042532708353?ref_src=twsrc%5Etfw\">June 24, 2020<\/a><\/p><\/blockquote>\n<p><script async src=\"https:\/\/platform.twitter.com\/widgets.js\" charset=\"utf-8\"><\/script><\/p>\n<blockquote class=\"twitter-tweet\" data-width=\"550\" data-dnt=\"true\">\n<p lang=\"fr\" dir=\"ltr\">Vid\u00e9o du croisement Rivoli \/ Coutellerie \u00e0 19h30 juste parce qu\u2019il le vaut bien. <a href=\"https:\/\/t.co\/0WebsKvSzM\">pic.twitter.com\/0WebsKvSzM<\/a><\/p>\n<p>&mdash; Emmanuel (@EmmanuelSPV) <a href=\"https:\/\/twitter.com\/EmmanuelSPV\/status\/1272582572107759616?ref_src=twsrc%5Etfw\">June 15, 2020<\/a><\/p><\/blockquote>\n<p><script async src=\"https:\/\/platform.twitter.com\/widgets.js\" charset=\"utf-8\"><\/script><\/p>\n<p>Et la meilleure pour la fin, avec un SUV compl\u00e8tement perdu au milieu des v\u00e9los&#8230;<\/p>\n<blockquote class=\"twitter-tweet\" data-width=\"550\" data-dnt=\"true\">\n<p lang=\"de\" dir=\"ltr\">Paris 2020: Ein SUV steht v\u00f6llig verloren in einer Menge von FahrradfahrerInnen. So muss das und nicht umgekehrt.<a href=\"https:\/\/t.co\/zgqffs815P\">pic.twitter.com\/zgqffs815P<\/a><\/p>\n<p>&mdash; Michael Bloss (@michabl) <a href=\"https:\/\/twitter.com\/michabl\/status\/1275421387386171393?ref_src=twsrc%5Etfw\">June 23, 2020<\/a><\/p><\/blockquote>\n<p><script async src=\"https:\/\/platform.twitter.com\/widgets.js\" charset=\"utf-8\"><\/script><\/p>\n","protected":false},"excerpt":{"rendered":"<p>Il y avait Amsterdam et Rotterdam, il y a d\u00e9sormais Parisdam! La capitale fran\u00e7aise en plein d\u00e9confinement prend des airs de ville hollandaise. On a rarement vu, pour ne pas <a class=\"more-link\" href=\"https:\/\/carfree.fr\/index.php\/2020\/06\/29\/parisdam\/\">Lire la suite&#8230;<\/a><\/p>\n","protected":false},"author":37,"featured_media":42871,"comment_status":"open","ping_status":"closed","sticky":false,"template":"","format":"standard","meta":[],"categories":[4,7],"tags":[1709,646,106,743,1664,648],"views":13411,"_links":{"self":[{"href":"https:\/\/carfree.fr\/index.php\/wp-json\/wp\/v2\/posts\/42870"}],"collection":[{"href":"https:\/\/carfree.fr\/index.php\/wp-json\/wp\/v2\/posts"}],"about":[{"href":"https:\/\/carfree.fr\/index.php\/wp-json\/wp\/v2\/types\/post"}],"author":[{"embeddable":true,"href":"https:\/\/carfree.fr\/index.php\/wp-json\/wp\/v2\/users\/37"}],"replies":[{"embeddable":true,"href":"https:\/\/carfree.fr\/index.php\/wp-json\/wp\/v2\/comments?post=42870"}],"version-history":[{"count":0,"href":"https:\/\/carfree.fr\/index.php\/wp-json\/wp\/v2\/posts\/42870\/revisions"}],"wp:featuredmedia":[{"embeddable":true,"href":"https:\/\/carfree.fr\/index.php\/wp-json\/wp\/v2\/media\/42871"}],"wp:attachment":[{"href":"https:\/\/carfree.fr\/index.php\/wp-json\/wp\/v2\/media?parent=42870"}],"wp:term":[{"taxonomy":"category","embeddable":true,"href":"https:\/\/carfree.fr\/index.php\/wp-json\/wp\/v2\/categories?post=42870"},{"taxonomy":"post_tag","embeddable":true,"href":"https:\/\/carfree.fr\/index.php\/wp-json\/wp\/v2\/tags?post=42870"}],"curies":[{"name":"wp","href":"https:\/\/api.w.org\/{rel}","templated":true}]}}