{"id":42899,"date":"2020-07-10T07:54:00","date_gmt":"2020-07-10T06:54:00","guid":{"rendered":"http:\/\/carfree.fr\/?p=42899"},"modified":"2020-07-10T07:54:00","modified_gmt":"2020-07-10T06:54:00","slug":"contre-ecrou-fanzine-velorutionnaire","status":"publish","type":"post","link":"https:\/\/carfree.fr\/index.php\/2020\/07\/10\/contre-ecrou-fanzine-velorutionnaire\/","title":{"rendered":"Contre-\u00e9crou, fanzine v\u00e9lorutionnaire"},"content":{"rendered":"<p>Cet article pour vous annoncer la naissance de Contre-\u00e9crou, un fanzine v\u00e9lo \u00e0 Saint-Brieuc (22), le petit fr\u00e8re du <a href=\"http:\/\/carfree.fr\/index.php\/2017\/12\/11\/chasse-goupille\/\" rel=\"noopener\" target=\"_blank\">Chasse-goupille bordelais<\/a>. <!--more--><\/p>\n<p>Contre-\u00e9crou est un objet artistique unique: r\u00e9alis\u00e9, r\u00e9dig\u00e9, \u00e9dit\u00e9 et griffonn\u00e9 par le collectif Presse-cuvettes, un collectif \u00e0 g\u00e9om\u00e9trie variable aux envies diverses et au but flou. Ce qui lie ses membres, c&rsquo;est une id\u00e9e simple et utopique: le v\u00e9lo peut changer le monde.<\/p>\n<p>Ce nouveau fanzine comprend des histoires vraies, des r\u00e9cits, des photos, des dessins, des jeux et des linogravures. Comme dans toutes les bonnes histoires, il y a de l&rsquo;amour, de l&rsquo;humour, du beau, du moche, de la col\u00e8re, du d\u00e9sir&#8230; mais \u00e0 v\u00e9lo!<\/p>\n<p>Son prix est libre, on donne ce qu&rsquo;on veut \u00e0 partir du moment o\u00f9 cela d\u00e9passe 1,25 euro, le co\u00fbt de fabrication. <\/p>\n<p>Pour contacter contre-\u00e9crou, c&rsquo;est ici: contre-ecrou at mailo.com<\/p>\n","protected":false},"excerpt":{"rendered":"<p>Cet article pour vous annoncer la naissance de Contre-\u00e9crou, un fanzine v\u00e9lo \u00e0 Saint-Brieuc (22), le petit fr\u00e8re du Chasse-goupille bordelais.<\/p>\n","protected":false},"author":168,"featured_media":42900,"comment_status":"open","ping_status":"closed","sticky":false,"template":"","format":"standard","meta":[],"categories":[4,72,7],"tags":[1340,262,572,1664,113],"views":14256,"_links":{"self":[{"href":"https:\/\/carfree.fr\/index.php\/wp-json\/wp\/v2\/posts\/42899"}],"collection":[{"href":"https:\/\/carfree.fr\/index.php\/wp-json\/wp\/v2\/posts"}],"about":[{"href":"https:\/\/carfree.fr\/index.php\/wp-json\/wp\/v2\/types\/post"}],"author":[{"embeddable":true,"href":"https:\/\/carfree.fr\/index.php\/wp-json\/wp\/v2\/users\/168"}],"replies":[{"embeddable":true,"href":"https:\/\/carfree.fr\/index.php\/wp-json\/wp\/v2\/comments?post=42899"}],"version-history":[{"count":0,"href":"https:\/\/carfree.fr\/index.php\/wp-json\/wp\/v2\/posts\/42899\/revisions"}],"wp:featuredmedia":[{"embeddable":true,"href":"https:\/\/carfree.fr\/index.php\/wp-json\/wp\/v2\/media\/42900"}],"wp:attachment":[{"href":"https:\/\/carfree.fr\/index.php\/wp-json\/wp\/v2\/media?parent=42899"}],"wp:term":[{"taxonomy":"category","embeddable":true,"href":"https:\/\/carfree.fr\/index.php\/wp-json\/wp\/v2\/categories?post=42899"},{"taxonomy":"post_tag","embeddable":true,"href":"https:\/\/carfree.fr\/index.php\/wp-json\/wp\/v2\/tags?post=42899"}],"curies":[{"name":"wp","href":"https:\/\/api.w.org\/{rel}","templated":true}]}}