{"id":42928,"date":"2020-08-04T13:13:47","date_gmt":"2020-08-04T12:13:47","guid":{"rendered":"http:\/\/carfree.fr\/?p=42928"},"modified":"2020-08-04T13:13:47","modified_gmt":"2020-08-04T12:13:47","slug":"paroles-paroles","status":"publish","type":"post","link":"https:\/\/carfree.fr\/index.php\/2020\/08\/04\/paroles-paroles\/","title":{"rendered":"Paroles&#8230; Paroles&#8230;"},"content":{"rendered":"<p>Avec Jean Castex, le nouveau premier ministre, et Barbara Pompili, nouvelle ministre de l&rsquo;environnement, on va voir ce qu&rsquo;on va voir en mati\u00e8re de fret ferroviaire. Le fret ferroviaire est abandonn\u00e9 depuis des ann\u00e9es et en particulier depuis Macron qui a m\u00eame arr\u00eat\u00e9 le train des primeurs Perpignan-Rungis? C&rsquo;est fini tout \u00e7a, maintenant on va sauver le climat en d\u00e9veloppant massivement le fret ferroviaire \u00e0 base de&#8230; promesses. <!--more--><\/p>\n<p>En ce moment, \u00e0 d\u00e9faut de milliards, il pleut en effet des <a href=\"https:\/\/www.lemonde.fr\/economie\/article\/2020\/07\/27\/peages-gratuits-autoroutes-ferroviaires-jean-castex-esquisse-le-plan-de-relance-du-fret-ferroviaire_6047425_3234.html\" rel=\"noopener\" target=\"_blank\">promesses sur le fret ferroviaire<\/a>: \u00ab\u00a0<em>on va cr\u00e9er de nouvelles autoroutes ferroviaires entre S\u00e8te et Calais ou Cherbourg et Bayonne<\/em>,\u00a0\u00bb \u00ab\u00a0<em>on va supprimer les p\u00e9ages ferroviaires<\/em>,\u00a0\u00bb \u00ab\u00a0<em>on va r\u00e9ouvrir le train des primeurs Perpignan-Rungis&#8230;<\/em>\u00a0\u00bb<\/p>\n<p>Paroles&#8230; Paroles&#8230; n&rsquo;est plus une chanson de Dalida et d&rsquo;Alain Delon, mais de Barbara Pompili et Jean Castex!<\/p>\n<p>Le probl\u00e8me, c&rsquo;est que dans le domaine du fret ferroviaire, les promesses politiques s&rsquo;accumulent depuis au moins le Grenelle de l&rsquo;environnement de 2007 et que les trafics ferroviaires baissent aussi vite que les promesses augmentent. La <a href=\"https:\/\/blogs.alternatives-economiques.fr\/gadrey\/2016\/12\/05\/la-casse-du-fret-ferroviaire-au-profit-du-tout-camion-depuis-2000-un-crime-ecologique-et-social-perpetre-dans-le-silence-des-grands-medias\" rel=\"noopener\" target=\"_blank\">casse du fret ferroviaire au profit du tout camion<\/a> depuis les ann\u00e9es 2000 est une donn\u00e9e structurelle d\u00e9sormais bien connue et document\u00e9e.<\/p>\n<p>Alors bien s\u00fbr, certains diront qu&rsquo;il faut \u00ab\u00a0laisser sa chance\u00a0\u00bb au produit Jean Castex, mais un expert politique comme Jacques Chirac disait en son temps que les promesses n&rsquo;engagent que ceux qui les croient&#8230; C&rsquo;est d&rsquo;autant plus vrai que dans cette fr\u00e9n\u00e9sie de nouvelles promesses ferroviaires, le nouveau premier ministre parle m\u00eame de voir prolong\u00e9es les (futures!) lignes Bayonne-Cherbourg, S\u00e8te-Calais et Perpignan-Rungis&#8230; d\u2019Anvers jusqu\u2019\u00e0 Barcelone! Et pourquoi pas une ligne de fret ferroviaire de Brest \u00e0 Vladivostok?<\/p>\n<p>Il est trop fort, non seulement il promet des choses qu&rsquo;il aura peu de chances de tenir sur le territoire fran\u00e7ais, mais il va m\u00eame commencer \u00e0 faire la morale aux belges et aux espagnols&#8230;<\/p>\n<p>Et on doit le croire sur parole car figurez-vous que Jean Castex a \u00e9t\u00e9 particuli\u00e8rement \u00ab\u00a0<em>meurtri par l\u2019affaire du Perpignan-Rungis, le train des primeurs..<\/em>.\u00a0\u00bb C&rsquo;est bizarre, mais on ne se rappelle pas l&rsquo;avoir entendu particuli\u00e8rement \u00e0 l&rsquo;\u00e9poque pour d\u00e9noncer ce choix politique macronien&#8230; tout comme Barbara Pompili, nouvelle ministre de l&rsquo;environnement, qui n&rsquo;a jamais rien eu \u00e0 dire sur la suppression du train des primeurs Perpignan-Rungis.<\/p>\n<p>Mais c&rsquo;est promis, maintenant on va faire du fret ferroviaire comme jamais, sauf qu&rsquo;on aura aucune information pr\u00e9cise en mati\u00e8re de plan d&rsquo;investissements ou de d\u00e9lais. C&rsquo;est bizarre, quand il s&rsquo;agit de donner des milliards, pas des promesses, \u00e0 Renault ou Air France, on conna\u00eet les montants et les d\u00e9lais, et quand il s&rsquo;agit de sauver le soldat ferroviaire, c&rsquo;est tout de suite plus flou.<\/p>\n<p>En favorisant d\u00e9lib\u00e9r\u00e9ment le transport routier \u00e0 coup de subventions au diesel, le pouvoir politique dans son ensemble a fait le choix historique du tout-routier. Tout Jean Castex qu&rsquo;il est, le nouveau premier ministre est le comptable de la suppression r\u00e9cente du train des primeurs Perpignan-Rungis ou de l&rsquo;abandon des trains de nuit.<\/p>\n<p>Et n&rsquo;oublions pas qu&rsquo;il est le premier ministre d&rsquo;un certain Macron qui a donn\u00e9 son nom, non pas \u00e0 une ligne ferroviaire, mais \u00e0 un syst\u00e8me d&rsquo;autocars particuli\u00e8rement d\u00e9sastreux sur le plan social et environnemental&#8230;<\/p>\n","protected":false},"excerpt":{"rendered":"<p>Avec Jean Castex, le nouveau premier ministre, et Barbara Pompili, nouvelle ministre de l&rsquo;environnement, on va voir ce qu&rsquo;on va voir en mati\u00e8re de fret ferroviaire. Le fret ferroviaire est <a class=\"more-link\" href=\"https:\/\/carfree.fr\/index.php\/2020\/08\/04\/paroles-paroles\/\">Lire la suite&#8230;<\/a><\/p>\n","protected":false},"author":18,"featured_media":42929,"comment_status":"open","ping_status":"closed","sticky":false,"template":"","format":"standard","meta":[],"categories":[4,8],"tags":[507,171,672,376,661,194,693,966,571,1515,1805,120,105,119,935,131],"views":9796,"_links":{"self":[{"href":"https:\/\/carfree.fr\/index.php\/wp-json\/wp\/v2\/posts\/42928"}],"collection":[{"href":"https:\/\/carfree.fr\/index.php\/wp-json\/wp\/v2\/posts"}],"about":[{"href":"https:\/\/carfree.fr\/index.php\/wp-json\/wp\/v2\/types\/post"}],"author":[{"embeddable":true,"href":"https:\/\/carfree.fr\/index.php\/wp-json\/wp\/v2\/users\/18"}],"replies":[{"embeddable":true,"href":"https:\/\/carfree.fr\/index.php\/wp-json\/wp\/v2\/comments?post=42928"}],"version-history":[{"count":0,"href":"https:\/\/carfree.fr\/index.php\/wp-json\/wp\/v2\/posts\/42928\/revisions"}],"wp:featuredmedia":[{"embeddable":true,"href":"https:\/\/carfree.fr\/index.php\/wp-json\/wp\/v2\/media\/42929"}],"wp:attachment":[{"href":"https:\/\/carfree.fr\/index.php\/wp-json\/wp\/v2\/media?parent=42928"}],"wp:term":[{"taxonomy":"category","embeddable":true,"href":"https:\/\/carfree.fr\/index.php\/wp-json\/wp\/v2\/categories?post=42928"},{"taxonomy":"post_tag","embeddable":true,"href":"https:\/\/carfree.fr\/index.php\/wp-json\/wp\/v2\/tags?post=42928"}],"curies":[{"name":"wp","href":"https:\/\/api.w.org\/{rel}","templated":true}]}}