{"id":42987,"date":"2020-08-14T11:27:13","date_gmt":"2020-08-14T10:27:13","guid":{"rendered":"http:\/\/carfree.fr\/?p=42987"},"modified":"2020-08-14T11:27:13","modified_gmt":"2020-08-14T10:27:13","slug":"petit-traite-de-velosophie-la-bd","status":"publish","type":"post","link":"https:\/\/carfree.fr\/index.php\/2020\/08\/14\/petit-traite-de-velosophie-la-bd\/","title":{"rendered":"Petit trait\u00e9 de V\u00e9losophie, la BD"},"content":{"rendered":"<p>Apr\u00e8s <a href=\"http:\/\/carfree.fr\/index.php\/2007\/11\/29\/petit-traite-de-velosophie\/\" rel=\"noopener\" target=\"_blank\">le livre paru il y a quelques ann\u00e9es<\/a>, Didier Tronchet a refait son Petit trait\u00e9 de V\u00e9losophie, mais en BD! <!--more--><\/p>\n<p>Cycliste convaincu et baladeur inv\u00e9t\u00e9r\u00e9 depuis l\u2019enfance, Didier Tronchet fait l\u2019apologie du v\u00e9lo et de ses bienfaits sur l\u2019humanit\u00e9. 54 planches d\u2019humour bon enfant et un tantinet provocateur.<\/p>\n<p>Didier Tronchet fait l\u2019\u00e9loge du v\u00e9lo, ce moyen de transport salvateur. Car le v\u00e9lo, c\u2019est la libert\u00e9, c\u2019est le go\u00fbt de l\u2019effort et l\u2019abn\u00e9gation. La dissolution du stress et la paix int\u00e9rieure, sans compter le gain \u00e9cologique. Mais qui dit v\u00e9lo dit aussi crevaisons, vent de face, transpiration et concurrence motoris\u00e9e. <\/p>\n<p>Qu\u2019\u00e0 cela ne tienne, le Petit trait\u00e9 de V\u00e9losophie propose des r\u00e9ponses spirituelles \u00e0 tous ces al\u00e9as.<\/p>\n<p>Didier Tronchet, connu pour ses s\u00e9ries \u00ab Raymond Calbuth \u00bb et \u00ab Jean-Claude Tergal \u00bb est \u00e0 la fois le sc\u00e9nariste, l&rsquo;illustrateur et le coloriste du Petit trait\u00e9 de V\u00e9losophie paru chez Delcourt en mai 2020.<\/p>\n<p><img decoding=\"async\" loading=\"lazy\" src=\"http:\/\/carfree.fr\/img\/2020\/08\/petitTraiteDeVelosophie-1.jpg\" alt=\"\" width=\"700\" height=\"944\" class=\"alignnone size-full wp-image-42989\" srcset=\"https:\/\/carfree.fr\/img\/2020\/08\/petitTraiteDeVelosophie-1.jpg 700w, https:\/\/carfree.fr\/img\/2020\/08\/petitTraiteDeVelosophie-1-475x640.jpg 475w\" sizes=\"(max-width: 700px) 100vw, 700px\" \/><br \/>\n<img decoding=\"async\" loading=\"lazy\" src=\"http:\/\/carfree.fr\/img\/2020\/08\/petitTraiteDeVelosophie-2.jpg\" alt=\"\" width=\"700\" height=\"965\" class=\"alignnone size-full wp-image-42990\" srcset=\"https:\/\/carfree.fr\/img\/2020\/08\/petitTraiteDeVelosophie-2.jpg 700w, https:\/\/carfree.fr\/img\/2020\/08\/petitTraiteDeVelosophie-2-464x640.jpg 464w\" sizes=\"(max-width: 700px) 100vw, 700px\" \/><br \/>\n<img decoding=\"async\" loading=\"lazy\" src=\"http:\/\/carfree.fr\/img\/2020\/08\/petitTraiteDeVelosophie-3b.jpg\" alt=\"\" width=\"700\" height=\"978\" class=\"alignnone size-full wp-image-42992\" srcset=\"https:\/\/carfree.fr\/img\/2020\/08\/petitTraiteDeVelosophie-3b.jpg 700w, https:\/\/carfree.fr\/img\/2020\/08\/petitTraiteDeVelosophie-3b-458x640.jpg 458w\" sizes=\"(max-width: 700px) 100vw, 700px\" \/><br \/>\n<img decoding=\"async\" loading=\"lazy\" src=\"http:\/\/carfree.fr\/img\/2020\/08\/petitTraiteDeVelosophie-4.jpg\" alt=\"\" width=\"700\" height=\"976\" class=\"alignnone size-full wp-image-42993\" srcset=\"https:\/\/carfree.fr\/img\/2020\/08\/petitTraiteDeVelosophie-4.jpg 700w, https:\/\/carfree.fr\/img\/2020\/08\/petitTraiteDeVelosophie-4-459x640.jpg 459w\" sizes=\"(max-width: 700px) 100vw, 700px\" \/><\/p>\n","protected":false},"excerpt":{"rendered":"<p>Apr\u00e8s le livre paru il y a quelques ann\u00e9es, Didier Tronchet a refait son Petit trait\u00e9 de V\u00e9losophie, mais en BD!<\/p>\n","protected":false},"author":1390,"featured_media":42994,"comment_status":"open","ping_status":"closed","sticky":false,"template":"","format":"standard","meta":[],"categories":[4,17,7],"tags":[646,191,1665,830,744,1664],"views":12477,"_links":{"self":[{"href":"https:\/\/carfree.fr\/index.php\/wp-json\/wp\/v2\/posts\/42987"}],"collection":[{"href":"https:\/\/carfree.fr\/index.php\/wp-json\/wp\/v2\/posts"}],"about":[{"href":"https:\/\/carfree.fr\/index.php\/wp-json\/wp\/v2\/types\/post"}],"author":[{"embeddable":true,"href":"https:\/\/carfree.fr\/index.php\/wp-json\/wp\/v2\/users\/1390"}],"replies":[{"embeddable":true,"href":"https:\/\/carfree.fr\/index.php\/wp-json\/wp\/v2\/comments?post=42987"}],"version-history":[{"count":0,"href":"https:\/\/carfree.fr\/index.php\/wp-json\/wp\/v2\/posts\/42987\/revisions"}],"wp:featuredmedia":[{"embeddable":true,"href":"https:\/\/carfree.fr\/index.php\/wp-json\/wp\/v2\/media\/42994"}],"wp:attachment":[{"href":"https:\/\/carfree.fr\/index.php\/wp-json\/wp\/v2\/media?parent=42987"}],"wp:term":[{"taxonomy":"category","embeddable":true,"href":"https:\/\/carfree.fr\/index.php\/wp-json\/wp\/v2\/categories?post=42987"},{"taxonomy":"post_tag","embeddable":true,"href":"https:\/\/carfree.fr\/index.php\/wp-json\/wp\/v2\/tags?post=42987"}],"curies":[{"name":"wp","href":"https:\/\/api.w.org\/{rel}","templated":true}]}}