{"id":4319,"date":"2009-09-21T13:08:32","date_gmt":"2009-09-21T12:08:32","guid":{"rendered":"http:\/\/carfree.fr\/?p=4319"},"modified":"2021-01-07T17:48:29","modified_gmt":"2021-01-07T16:48:29","slug":"apres-le-greenwashing-les-constructeurs-nous-font-le-coup-du-pedowashing","status":"publish","type":"post","link":"https:\/\/carfree.fr\/index.php\/2009\/09\/21\/apres-le-greenwashing-les-constructeurs-nous-font-le-coup-du-pedowashing\/","title":{"rendered":"Apr\u00e8s le GreenWashing, les constructeurs nous font le coup du \u00ab\u00a0P\u00e9doWashing\u00a0\u00bb"},"content":{"rendered":"<p><img decoding=\"async\" loading=\"lazy\" title=\"pedorenault\" src=\"http:\/\/carfree.fr\/images\/pedorenault.jpg\" alt=\"pedorenault\" width=\"420\" height=\"200\" \/><\/p>\n<p>Au fur et \u00e0 mesure que la soci\u00e9t\u00e9 fran\u00e7aise prend conscience de l&rsquo;\u00e9go\u00efsme de se d\u00e9placer en voiture individuelle, nos concessionnaires inventent des parades pour aller chercher plus loin des ressorts \u00e9motifs encore plus intimes pour les forcer \u00e0 acqu\u00e9rir leurs mod\u00e8les.<\/p>\n<p>Apr\u00e8s le greenwashing qui exploitait le sentiment universel de la d\u00e9fense de la nature, c&rsquo;est \u00e0 l&rsquo;innocence enfantine qu&rsquo;ils s&rsquo;en prennent. Je trouve odieuse cette fa\u00e7on de masquer la liste sans fin des nuisances automobiles individuelles par la mise en sc\u00e8ne de la spontan\u00e9it\u00e9 pu\u00e9rile. <!--more--><\/p>\n<p>Au nom de ces mines na\u00efves de bambins r\u00e9jouis, nos contemporains vont encombrer toujours plus le domaine public, congestionner le trafic, dissuader les d\u00e9placements sains \u00e0 pied ou \u00e0 v\u00e9lo, d\u00e9naturer le coeur de nos villes, transformer nos places en parkings, contribuer \u00e0 l&rsquo;\u00e9talement urbain, au mitage des campagnes, aux pics d&rsquo;ozone, au r\u00e9chauffement climatique, \u00e0 l&rsquo;\u00e9rosion acc\u00e9l\u00e9r\u00e9e des c\u00f4tes, \u00e0 l&rsquo;acidification des oc\u00e9ans, \u00e0 la fragmentation de la biodiversit\u00e9 et \u00e0 la mobilit\u00e9 stress\u00e9e.<\/p>\n<p>On notera que cette campagne co\u00efncide avec la pr\u00e9sentation par la m\u00eame firme de 5 mod\u00e8les \u00e9lectriques dont on sait pertinemment qu&rsquo;ils ne pourront remplacer commercialement le moteur \u00e0 explosion et, qu&rsquo;\u00e0 terme et plus g\u00e9n\u00e9ralement, la voiture \u00e9lectrique marquera l&rsquo;extinction de l&rsquo;\u00e8re de l&rsquo;automobile-propri\u00e9t\u00e9-individuelle.<\/p>\n<p>En cette semaine de la mobilit\u00e9 durable, nous devons tout faire pour \u00e9viter le recours \u00e9go\u00efste aux automobiles particuli\u00e8res et particulaires.<\/p>\n<p><a href=\"http:\/\/www.renault.fr\/promotions\/promotions-vehicules-particuliers\/index.jsp\" target=\"_blank\">ici, la page promotionnelle de Renault<\/a><\/p>\n<p>&#8212;<br \/>\nGC,<br \/>\nLes voies vertes en 06-ouest:<br \/>\n<a href=\"http:\/\/gilles.chomel.free.fr\/\" target=\"_blank\">www.LecoLomobiLe.fr<\/a><br \/>\nLabo d&rsquo;id\u00e9es sur l&rsquo;auto du futur:<br \/>\n<a href=\"http:\/\/www.lacpa.fr\/\" target=\"_blank\">www.LACPA.fr<\/a><\/p>\n","protected":false},"excerpt":{"rendered":"<p>Au fur et \u00e0 mesure que la soci\u00e9t\u00e9 fran\u00e7aise prend conscience de l&rsquo;\u00e9go\u00efsme de se d\u00e9placer en voiture individuelle, nos concessionnaires inventent des parades pour aller chercher plus loin des <a class=\"more-link\" href=\"https:\/\/carfree.fr\/index.php\/2009\/09\/21\/apres-le-greenwashing-les-constructeurs-nous-font-le-coup-du-pedowashing\/\">Lire la suite&#8230;<\/a><\/p>\n","protected":false},"author":27,"featured_media":4323,"comment_status":"open","ping_status":"open","sticky":false,"template":"","format":"standard","meta":[],"categories":[73],"tags":[103,57,187,85,138,245,588,99,351,87,134,278,694,309,421,44,687,86,1669,235,19,220,38,34,363],"views":6276,"_links":{"self":[{"href":"https:\/\/carfree.fr\/index.php\/wp-json\/wp\/v2\/posts\/4319"}],"collection":[{"href":"https:\/\/carfree.fr\/index.php\/wp-json\/wp\/v2\/posts"}],"about":[{"href":"https:\/\/carfree.fr\/index.php\/wp-json\/wp\/v2\/types\/post"}],"author":[{"embeddable":true,"href":"https:\/\/carfree.fr\/index.php\/wp-json\/wp\/v2\/users\/27"}],"replies":[{"embeddable":true,"href":"https:\/\/carfree.fr\/index.php\/wp-json\/wp\/v2\/comments?post=4319"}],"version-history":[{"count":0,"href":"https:\/\/carfree.fr\/index.php\/wp-json\/wp\/v2\/posts\/4319\/revisions"}],"wp:featuredmedia":[{"embeddable":true,"href":"https:\/\/carfree.fr\/index.php\/wp-json\/"}],"wp:attachment":[{"href":"https:\/\/carfree.fr\/index.php\/wp-json\/wp\/v2\/media?parent=4319"}],"wp:term":[{"taxonomy":"category","embeddable":true,"href":"https:\/\/carfree.fr\/index.php\/wp-json\/wp\/v2\/categories?post=4319"},{"taxonomy":"post_tag","embeddable":true,"href":"https:\/\/carfree.fr\/index.php\/wp-json\/wp\/v2\/tags?post=4319"}],"curies":[{"name":"wp","href":"https:\/\/api.w.org\/{rel}","templated":true}]}}