{"id":43318,"date":"2020-09-07T07:35:23","date_gmt":"2020-09-07T06:35:23","guid":{"rendered":"http:\/\/carfree.fr\/?p=43318"},"modified":"2020-09-07T07:35:23","modified_gmt":"2020-09-07T06:35:23","slug":"quand-va-t-on-arreter-les-voitures-folles","status":"publish","type":"post","link":"https:\/\/carfree.fr\/index.php\/2020\/09\/07\/quand-va-t-on-arreter-les-voitures-folles\/","title":{"rendered":"Quand va-t-on arr\u00eater les voitures folles?"},"content":{"rendered":"<p>On ne parle pas assez des \u00ab\u00a0voitures folles\u00a0\u00bb qui fauchent des pi\u00e9tons sur la voie publique. Quand se d\u00e9cidera-t&rsquo;on \u00e0 imposer un examen psychiatrique aux voitures avant de les laisser circuler en toute impunit\u00e9 dans les rues? <!--more--><\/p>\n<p>C&rsquo;est le journal <a href=\"https:\/\/www.leparisien.fr\/val-de-marne-94\/val-de-marne-la-voiture-folle-fonce-sur-les-pietons-deux-femmes-grievement-blessees-04-09-2020-8378487.php#xtor=AD-1481423553\" rel=\"noopener\" target=\"_blank\">le Parisien<\/a> qui nous l&rsquo;apprend: vendredi dernier au Kremlin-Bic\u00eatre, \u00ab\u00a0<em>une voiture folle fonce sur deux pi\u00e9tonnes et les blesse gri\u00e8vement.<\/em>\u00a0\u00bb<\/p>\n<p>Ces \u00ab\u00a0acc\u00e8s de folie\u00a0\u00bb de voitures semblent de plus en plus fr\u00e9quents et on se demande ce que fait le corps m\u00e9dical pour y mettre fin.<\/p>\n<p>Selon un t\u00e9moin, \u00ab\u00a0<em>la voiture roulait tr\u00e8s vite et cassait tout sur son passage<\/em>.\u00a0\u00bb On se perd en conjectures pour savoir ce que cette voiture avait pour perdre ainsi toute raison.<\/p>\n<p>Est-ce une crise d\u00e9sesp\u00e9r\u00e9e li\u00e9e au d\u00e9veloppement du nombre de personnes \u00e0 v\u00e9lo dans les rues? Une crise de d\u00e9mence face \u00e0 la fin annonc\u00e9e de l&rsquo;automobile en ville? Ou la voiture a-t-elle simplement voulu se venger des pi\u00e9tons qui la narguaient impun\u00e9ment en se d\u00e9pla\u00e7ant librement dans la rue sans n\u00e9cessit\u00e9 d&rsquo;une assistance motoris\u00e9e?<\/p>\n<p>L\u2019enqu\u00eate de la police scientifique s&rsquo;annonce difficile, car la voiture folle d\u00e9sormais en garde \u00e0 vue se refuse pour l&rsquo;instant \u00e0 toute explication.<\/p>\n<p>L&rsquo;avocat de la voiture folle compte plaider bien entendu l&rsquo;irresponsabilit\u00e9, mais le garagiste de garde a demand\u00e9 un placement en h\u00f4pital psychiatrique.<\/p>\n","protected":false},"excerpt":{"rendered":"<p>On ne parle pas assez des \u00ab\u00a0voitures folles\u00a0\u00bb qui fauchent des pi\u00e9tons sur la voie publique. Quand se d\u00e9cidera-t&rsquo;on \u00e0 imposer un examen psychiatrique aux voitures avant de les laisser <a class=\"more-link\" href=\"https:\/\/carfree.fr\/index.php\/2020\/09\/07\/quand-va-t-on-arreter-les-voitures-folles\/\">Lire la suite&#8230;<\/a><\/p>\n","protected":false},"author":18,"featured_media":43320,"comment_status":"open","ping_status":"closed","sticky":false,"template":"","format":"standard","meta":[],"categories":[73],"tags":[250,846,926,106],"views":9563,"_links":{"self":[{"href":"https:\/\/carfree.fr\/index.php\/wp-json\/wp\/v2\/posts\/43318"}],"collection":[{"href":"https:\/\/carfree.fr\/index.php\/wp-json\/wp\/v2\/posts"}],"about":[{"href":"https:\/\/carfree.fr\/index.php\/wp-json\/wp\/v2\/types\/post"}],"author":[{"embeddable":true,"href":"https:\/\/carfree.fr\/index.php\/wp-json\/wp\/v2\/users\/18"}],"replies":[{"embeddable":true,"href":"https:\/\/carfree.fr\/index.php\/wp-json\/wp\/v2\/comments?post=43318"}],"version-history":[{"count":0,"href":"https:\/\/carfree.fr\/index.php\/wp-json\/wp\/v2\/posts\/43318\/revisions"}],"wp:featuredmedia":[{"embeddable":true,"href":"https:\/\/carfree.fr\/index.php\/wp-json\/wp\/v2\/media\/43320"}],"wp:attachment":[{"href":"https:\/\/carfree.fr\/index.php\/wp-json\/wp\/v2\/media?parent=43318"}],"wp:term":[{"taxonomy":"category","embeddable":true,"href":"https:\/\/carfree.fr\/index.php\/wp-json\/wp\/v2\/categories?post=43318"},{"taxonomy":"post_tag","embeddable":true,"href":"https:\/\/carfree.fr\/index.php\/wp-json\/wp\/v2\/tags?post=43318"}],"curies":[{"name":"wp","href":"https:\/\/api.w.org\/{rel}","templated":true}]}}