{"id":43357,"date":"2020-09-23T08:21:41","date_gmt":"2020-09-23T07:21:41","guid":{"rendered":"http:\/\/carfree.fr\/?p=43357"},"modified":"2020-09-23T08:21:41","modified_gmt":"2020-09-23T07:21:41","slug":"lhomme-a-mange-la-terre","status":"publish","type":"post","link":"https:\/\/carfree.fr\/index.php\/2020\/09\/23\/lhomme-a-mange-la-terre\/","title":{"rendered":"L&rsquo;homme a mang\u00e9 la Terre"},"content":{"rendered":"<p>Ce documentaire de Jean-Robert Viallet r\u00e9alis\u00e9 en 2019 retrace l\u2019histoire de deux si\u00e8cles de progr\u00e8s ahurissants. Deux si\u00e8cles d\u2019industrie, d\u2019inventions, de d\u00e9veloppement \u00e9conomique, d\u2019\u00e9volution de nos modes de vie et de nos modes de consommation qui ont fait bascul\u00e9 la Terre dans une nouvelle \u00e8re g\u00e9ologique qui porte le nom d&rsquo;Anthropoc\u00e8ne. <!--more--><\/p>\n<p>Apr\u00e8s deux cents ans de capitalisme industriel, on r\u00e9alise que l\u2019impact de l\u2019homme sur la nature est irr\u00e9versible. L\u2019homme est devenu une force tellurique, et la Terre est entr\u00e9e dans une nouvelle p\u00e9riode g\u00e9ologique. Cette p\u00e9riode porte un nom: l\u2019Anthropoc\u00e8ne, l\u2019\u00e8re de l\u2019homme.<\/p>\n<p>Derri\u00e8re la belle histoire du progr\u00e8s il y a en fait une autre histoire. Une histoire \u00e9crite par des puissants. Des dirigeants politiques plus ou moins inspir\u00e9s, des industriels, des \u00e9nergies fossiles et de la chimie, des lobbyistes et des financiers en tous genres qui, en deux si\u00e8cles, ont fa\u00e7onn\u00e9 nos modes de vie sans jamais cesser de servir leurs propres int\u00e9r\u00eats<\/p>\n<p>De la r\u00e9volution industrielle \u00e0 aujourd\u2019hui, ce documentaire constitue un d\u00e9cryptage minutieux de la course au d\u00e9veloppement qui a marqu\u00e9 le point de d\u00e9part de l\u2019\u00e8re de l&rsquo;anthropoc\u00e8ne et de la d\u00e9t\u00e9rioration continue de la plan\u00e8te.<\/p>\n<p>Quelque 1 400 milliards de tonnes de CO2 sont aujourd\u2019hui prisonni\u00e8res de la basse atmosph\u00e8re. R\u00e9chauffement climatique, d\u00e9forestation, inondations, \u00e9puisement des ressources, pollutions, d\u00e9chets radioactifs&#8230; : en deux si\u00e8cles, la course au progr\u00e8s et \u00e0 la croissance a durablement alt\u00e9r\u00e9 la plan\u00e8te, la crise environnementale se doublant d\u2019une rupture g\u00e9ologique, avec l\u2019av\u00e8nement de l\u2019\u00e8re anthropoc\u00e8ne. Port\u00e9e par l\u2019exploitation des \u00e9nergies fossiles \u2013 du charbon de la r\u00e9volution industrielle en Angleterre au tout-p\u00e9trole de la domination \u00e9conomique des \u00c9tats-Unis \u2013, l\u2019industrialisation et ses corollaires, taylorisme et colonialisme, entra\u00eenent une exponentielle production de masse. Un processus qu\u2019acc\u00e9l\u00e8re la Premi\u00e8re Guerre mondiale, les firmes chimiques mobilis\u00e9es pour tuer l\u2019ennemi se reconvertissant dans la destruction du vivant avec les herbicides, insecticides et fertilisants de l\u2019agriculture intensive. <\/p>\n<p>Alors que l\u2019urbanisation s\u2019\u00e9tend, la voiture, qui sonne le glas du tramway, se g\u00e9n\u00e9ralise, et l\u2019Am\u00e9rique s\u2019inspire du mod\u00e8le autoroutier nazi. La Seconde Guerre mondiale engendre une nouvelle organisation du travail, laquelle devient la norme, et annonce l\u2019\u00e8re nucl\u00e9aire de la guerre froide. Dans sa d\u00e9mesure, l\u2019homme r\u00eave d\u00e9j\u00e0 d\u2019usages civils de l\u2019atome (y compris pour l\u2019abattement de montagnes et la dissolution des calottes glaciaires !). Le plastique et le b\u00e9ton deviennent les piliers de la consommation de masse, d\u00e9voreuse de mati\u00e8res premi\u00e8res et antidote \u00e0 la contestation sociale, jusqu\u2019\u00e0 la r\u00e9volution num\u00e9rique.<\/p>\n<p>Dans l&rsquo;extrait ci-dessous, l&rsquo;accent est mis sur le travail du lobby automobile pour \u00ab\u00a0discipliner les pi\u00e9tons\u00a0\u00bb et leur faire entendre qu&rsquo;avec la voiture, \u00ab\u00a0la rue ne leur appartient plus&#8230;\u00a0\u00bb A la fin de l&rsquo;extrait, il est question d&rsquo;un \u00e9pisode oubli\u00e9 de l&rsquo;histoire de l&rsquo;automobile, \u00e0 savoir le rachat des compagnies de tramways aux USA par les industriels de l&rsquo;automobile pour d\u00e9manteler le tramway et asseoir la g\u00e9n\u00e9ralisation de l&rsquo;automobile individuelle. Andy Singer avait d\u00e9taill\u00e9 cette histoire m\u00e9connue dans son ouvrage \u00ab\u00a0<em><a href=\"http:\/\/carfree.fr\/index.php\/2013\/08\/29\/pourquoi-nous-conduisons-le-passe-le-present-et-le-futur-de-lautomobile-en-amerique\/\" rel=\"noopener\" target=\"_blank\">Pourquoi nous conduisons (le pass\u00e9, le pr\u00e9sent et le futur de l\u2019automobile en Am\u00e9rique)<\/a><\/em>.\u00a0\u00bb<\/p>\n<blockquote class=\"twitter-tweet\" data-width=\"550\" data-dnt=\"true\">\n<p lang=\"fr\" dir=\"ltr\">&quot;Et le lobby automobile fait entendre aux pi\u00e9tons que la rue ne leur appartient plus.&quot; <a href=\"https:\/\/t.co\/yzwBifwUBd\">https:\/\/t.co\/yzwBifwUBd<\/a> <a href=\"https:\/\/t.co\/BtOk9z2qiq\">pic.twitter.com\/BtOk9z2qiq<\/a><\/p>\n<p>&mdash; Paris sans bagnole (@PariSansBagnole) <a href=\"https:\/\/twitter.com\/PariSansBagnole\/status\/1285330197433266176?ref_src=twsrc%5Etfw\">July 20, 2020<\/a><\/p><\/blockquote>\n<p><script async src=\"https:\/\/platform.twitter.com\/widgets.js\" charset=\"utf-8\"><\/script><\/p>\n<p><strong>Liaisons dangereuses<\/strong><\/p>\n<p>En balayant, avec de formidables archives issues du monde entier, deux si\u00e8cles de progr\u00e8s jusqu\u2019\u00e0 l\u2019\u00e8re du big data, le film remonte aux sources de la crise \u00e9cologique, en interrogeant avec pr\u00e9cision les enjeux scientifiques, \u00e9conomiques et politiques qui y ont conduit. Fourmillant d\u2019informations, il \u00e9claire l\u2019histoire de cette marche folle, et les liaisons dangereuses entre industries militaire et civile. Entre capitalisme et mondialisation impos\u00e9s par les grandes puissances, un d\u00e9cryptage passionnant du basculement dans l\u2019anthropoc\u00e8ne, funeste asservissement de la nature par l\u2019homme.<\/p>\n<p><strong>L&rsquo;homme a mang\u00e9 la Terre<\/strong><br \/>\nUn film de Jean-Robert Viallet (France, 2019, 1h38)<br \/>\nAvec la collaboration \u00e0 l\u2019\u00e9criture de Christophe Bonneuil et Jean-Baptiste Fressoz<br \/>\nD\u2019apr\u00e8s <em>L\u2019\u00e9v\u00e9nement Anthropoc\u00e8ne. La Terre, l\u2019histoire et nous<\/em>, \u00c9ditions du Seuil<\/p>\n","protected":false},"excerpt":{"rendered":"<p>Ce documentaire de Jean-Robert Viallet r\u00e9alis\u00e9 en 2019 retrace l\u2019histoire de deux si\u00e8cles de progr\u00e8s ahurissants. Deux si\u00e8cles d\u2019industrie, d\u2019inventions, de d\u00e9veloppement \u00e9conomique, d\u2019\u00e9volution de nos modes de vie et <a class=\"more-link\" href=\"https:\/\/carfree.fr\/index.php\/2020\/09\/23\/lhomme-a-mange-la-terre\/\">Lire la suite&#8230;<\/a><\/p>\n","protected":false},"author":1390,"featured_media":43358,"comment_status":"open","ping_status":"closed","sticky":false,"template":"","format":"standard","meta":[],"categories":[52,72],"tags":[477,53,1770,84,60,81,482,19,962,648],"views":10977,"_links":{"self":[{"href":"https:\/\/carfree.fr\/index.php\/wp-json\/wp\/v2\/posts\/43357"}],"collection":[{"href":"https:\/\/carfree.fr\/index.php\/wp-json\/wp\/v2\/posts"}],"about":[{"href":"https:\/\/carfree.fr\/index.php\/wp-json\/wp\/v2\/types\/post"}],"author":[{"embeddable":true,"href":"https:\/\/carfree.fr\/index.php\/wp-json\/wp\/v2\/users\/1390"}],"replies":[{"embeddable":true,"href":"https:\/\/carfree.fr\/index.php\/wp-json\/wp\/v2\/comments?post=43357"}],"version-history":[{"count":0,"href":"https:\/\/carfree.fr\/index.php\/wp-json\/wp\/v2\/posts\/43357\/revisions"}],"wp:featuredmedia":[{"embeddable":true,"href":"https:\/\/carfree.fr\/index.php\/wp-json\/wp\/v2\/media\/43358"}],"wp:attachment":[{"href":"https:\/\/carfree.fr\/index.php\/wp-json\/wp\/v2\/media?parent=43357"}],"wp:term":[{"taxonomy":"category","embeddable":true,"href":"https:\/\/carfree.fr\/index.php\/wp-json\/wp\/v2\/categories?post=43357"},{"taxonomy":"post_tag","embeddable":true,"href":"https:\/\/carfree.fr\/index.php\/wp-json\/wp\/v2\/tags?post=43357"}],"curies":[{"name":"wp","href":"https:\/\/api.w.org\/{rel}","templated":true}]}}