{"id":43436,"date":"2020-10-21T07:51:08","date_gmt":"2020-10-21T06:51:08","guid":{"rendered":"http:\/\/carfree.fr\/?p=43436"},"modified":"2020-10-21T07:51:08","modified_gmt":"2020-10-21T06:51:08","slug":"semaine-de-la-rebellion-a-bordeaux","status":"publish","type":"post","link":"https:\/\/carfree.fr\/index.php\/2020\/10\/21\/semaine-de-la-rebellion-a-bordeaux\/","title":{"rendered":"Semaine de la r\u00e9bellion \u00e0 Bordeaux"},"content":{"rendered":"<p>La branche bordelaise d&rsquo;Extinction R\u00e9bellion a lanc\u00e9 du 11 au 19 octobre 2020 \u00e0 Bordeaux une s\u00e9rie d&rsquo;actions de d\u00e9sob\u00e9issance civile non violente. Parmi les actions r\u00e9alis\u00e9es, on peut citer le d\u00e9gonflage de SUV, la mise hors service de trottinettes \u00e9lectriques en libre-service ou la r\u00e9alisation d&rsquo;am\u00e9nagements cyclables sauvages. <!--more--><\/p>\n<p>Cette \u00ab\u00a0semaine de la r\u00e9bellion\u00a0\u00bb avait pour mot d&rsquo;ordre \u00ab\u00a0La ville est \u00e0 nous &#8211; La rue est \u00e0 nous.\u00a0\u00bb Vendredi dernier, une quarantaine de bordelais.es ont d\u00e9gonfl\u00e9 les pneus de 220 SUV dans les quartiers les plus ais\u00e9s de la ville. Les \u00ab\u00a0Sports Utility V\u00e9hicules\u00a0\u00bb, v\u00e9hicules utilitaires de sport lourds et larges, repr\u00e9sentent \u00e0 eux seuls la 2\u00e8me source de croissance des \u00e9missions de CO2 responsables du chaos climatique, devant l&rsquo;industrie lourde et l&rsquo;aviation.<\/p>\n<p><img decoding=\"async\" loading=\"lazy\" src=\"http:\/\/carfree.fr\/img\/2020\/10\/suv.jpg\" alt=\"\" width=\"600\" height=\"377\" class=\"alignnone size-full wp-image-43443\" \/><\/p>\n<p>Dans la nuit de jeudi \u00e0 vendredi, 45 rebelles d&rsquo;Extinction R\u00e9bellion ont trac\u00e9 900 m\u00e8tres d&rsquo;am\u00e9nagements cyclables, pour une ville plus s\u00fbre, plus r\u00e9siliente et respectueuse du monde vivant.<\/p>\n<p><img decoding=\"async\" loading=\"lazy\" src=\"http:\/\/carfree.fr\/img\/2020\/10\/amenagements-cyclables.jpg\" alt=\"\" width=\"600\" height=\"338\" class=\"alignnone size-full wp-image-43438\" \/><\/p>\n<p>Jeudi dernier, 193 trottinettes \u00e9lectriques en libre service \u00e9taient mises hors-service par les m\u00eames rebelles, en recouvrant leur QR code pour les rendre inutilisables. Pourquoi ? Contrairement \u00e0 leur image de mode de d\u00e9placement \u00ab\u00a0doux\u00a0\u00bb et \u00ab\u00a0vert\u00a0\u00bb, les trottinettes \u00e9lectriques sont une catastrophe \u00e9cologique. <\/p>\n<p><img decoding=\"async\" loading=\"lazy\" src=\"http:\/\/carfree.fr\/img\/2020\/10\/trottis.jpg\" alt=\"\" width=\"600\" height=\"450\" class=\"alignnone size-full wp-image-43439\" \/><\/p>\n<p>Toutes les explications sont sur la <a href=\"https:\/\/www.facebook.com\/extinctionrebellionbordeaux\/\" rel=\"noopener\" target=\"_blank\">page Facebook d&rsquo;Extinction R\u00e9bellion Bordeaux<\/a><\/p>\n","protected":false},"excerpt":{"rendered":"<p>La branche bordelaise d&rsquo;Extinction R\u00e9bellion a lanc\u00e9 du 11 au 19 octobre 2020 \u00e0 Bordeaux une s\u00e9rie d&rsquo;actions de d\u00e9sob\u00e9issance civile non violente. Parmi les actions r\u00e9alis\u00e9es, on peut citer <a class=\"more-link\" href=\"https:\/\/carfree.fr\/index.php\/2020\/10\/21\/semaine-de-la-rebellion-a-bordeaux\/\">Lire la suite&#8230;<\/a><\/p>\n","protected":false},"author":3,"featured_media":43441,"comment_status":"open","ping_status":"closed","sticky":false,"template":"","format":"standard","meta":[],"categories":[4,73,7],"tags":[181,183,186,743,1660,1664,34],"views":11608,"_links":{"self":[{"href":"https:\/\/carfree.fr\/index.php\/wp-json\/wp\/v2\/posts\/43436"}],"collection":[{"href":"https:\/\/carfree.fr\/index.php\/wp-json\/wp\/v2\/posts"}],"about":[{"href":"https:\/\/carfree.fr\/index.php\/wp-json\/wp\/v2\/types\/post"}],"author":[{"embeddable":true,"href":"https:\/\/carfree.fr\/index.php\/wp-json\/wp\/v2\/users\/3"}],"replies":[{"embeddable":true,"href":"https:\/\/carfree.fr\/index.php\/wp-json\/wp\/v2\/comments?post=43436"}],"version-history":[{"count":0,"href":"https:\/\/carfree.fr\/index.php\/wp-json\/wp\/v2\/posts\/43436\/revisions"}],"wp:featuredmedia":[{"embeddable":true,"href":"https:\/\/carfree.fr\/index.php\/wp-json\/wp\/v2\/media\/43441"}],"wp:attachment":[{"href":"https:\/\/carfree.fr\/index.php\/wp-json\/wp\/v2\/media?parent=43436"}],"wp:term":[{"taxonomy":"category","embeddable":true,"href":"https:\/\/carfree.fr\/index.php\/wp-json\/wp\/v2\/categories?post=43436"},{"taxonomy":"post_tag","embeddable":true,"href":"https:\/\/carfree.fr\/index.php\/wp-json\/wp\/v2\/tags?post=43436"}],"curies":[{"name":"wp","href":"https:\/\/api.w.org\/{rel}","templated":true}]}}