{"id":43467,"date":"2021-03-30T08:19:15","date_gmt":"2021-03-30T07:19:15","guid":{"rendered":"http:\/\/carfree.fr\/?p=43467"},"modified":"2021-03-30T08:19:15","modified_gmt":"2021-03-30T07:19:15","slug":"larnaque-du-vehicule-autonome","status":"publish","type":"post","link":"https:\/\/carfree.fr\/index.php\/2021\/03\/30\/larnaque-du-vehicule-autonome\/","title":{"rendered":"L&rsquo;arnaque du v\u00e9hicule autonome"},"content":{"rendered":"<p>Patatras, encore un \u00e9chec industriel dans le domaine automobile. On connaissait <a href=\"http:\/\/carfree.fr\/index.php\/2020\/01\/24\/la-grosse-arnaque-de-la-voiture-electrique\/\">l&rsquo;arnaque de la voiture \u00e9lectrique<\/a> ou\u00a0de la <a href=\"http:\/\/carfree.fr\/index.php\/2009\/02\/21\/le-scandale-ecologique-des-voitures-hybrides\/\" rel=\"noopener\" target=\"_blank\">voiture hybride<\/a>, c&rsquo;est d\u00e9sormais la voiture autonome qui se dirige tout droit dans le mur de la r\u00e9alit\u00e9! <!--more--><\/p>\n<p>En 2008, j&rsquo;avais r\u00e9alis\u00e9 un article sur <a href=\"http:\/\/carfree.fr\/index.php\/2008\/03\/16\/le-futur-cauchemardesque-de-lautomobile\/\" target=\"_blank\" rel=\"noopener\">le futur cauchemardesque de l&rsquo;automobile<\/a>, 13 ans plus tard, il semble que cet article \u00e9tait plut\u00f4t pr\u00e9curseur.<\/p>\n<p>On devait voir circuler d\u00e8s 2020 dans les rues de nos villes des voitures autonomes. En 2021, il y a surtout <a href=\"http:\/\/carfree.fr\/index.php\/2020\/10\/07\/le-chaos-velorutionnnaire\/\" rel=\"noopener\" target=\"_blank\">de plus en plus de v\u00e9los<\/a>&#8230; C&rsquo;est un peu comme la <a href=\"http:\/\/carfree.fr\/index.php\/2011\/06\/09\/la-voiture-volante\/\" rel=\"noopener\" target=\"_blank\">voiture volante<\/a> qu&rsquo;on devait avoir autrefois dans le futur et qu&rsquo;on a toujours pas aujourd&rsquo;hui dans le pass\u00e9&#8230;<\/p>\n<p>A vrai dire, la voiture autonome cumule les difficult\u00e9s tant techniques que juridiques et r\u00e9glementaires. Mais surtout, un gros probl\u00e8me, \u00e0 savoir le fait que les gens dans leur grande majorit\u00e9, ne sont pas demandeurs. Donc, si on r\u00e9sume, cela co\u00fbte une fortune \u00e0 d\u00e9velopper, ce n&rsquo;est toujours pas au point techniquement apr\u00e8s des sommes colossales investies et les probl\u00e8mes juridiques, r\u00e9glementaires ou m\u00eames moraux concernant la circulation de voitures autonomes dans les rues ne sont toujours pas r\u00e9gl\u00e9s. Si encore il s&rsquo;agissait d&rsquo;une \u00ab\u00a0innovation\u00a0\u00bb que des milliards de gens attendaient avec impatience, mais non, bien au contraire, ce que les automobilistes appr\u00e9cient sans doute le plus dans l&rsquo;automobile, c&rsquo;est&#8230; la conduite. S&rsquo;ils doivent circuler dans des voitures autonomes qui co\u00fbtent une fortune et qui sont <a href=\"http:\/\/carfree.fr\/index.php\/2015\/11\/03\/les-voitures-autonomes-vont-etre-programmees-pour-tuer\/\" rel=\"noopener\" target=\"_blank\">potentiellement dangereuses<\/a>, autant prendre le bus!<\/p>\n<p>Aujourd&rsquo;hui, m\u00eame les sp\u00e9cialistes des technologies industrielles le disent clairement: \u00ab\u00a0<em>la barre a \u00e9t\u00e9 mise trop haut.<\/em>\u00a0\u00bb<\/p>\n<p>Comme le dit <a href=\"https:\/\/www.industrie-techno.com\/article\/vehicule-autonome-la-barre-a-ete-mise-trop-haut-mais-cela-a-reveille-tout-l-ecosysteme-souligne-fawzi-nashashibi-inria.62068\" rel=\"noopener\" target=\"_blank\">Fawzi Nashashibi<\/a>, directeur du projet <em>Robotics and intelligent transportation systems<\/em> \u00e0 l&rsquo;Inria, \u00ab\u00a0<em>les choses sont claires: il n\u2019y a aucun d\u00e9ploiement de v\u00e9hicules autonomes. Ce qui se fait de mieux aujourd\u2019hui, c\u2019est ce qu\u2019on appelle le niveau 2 ou 3, comme la r\u00e9gulation de vitesse adaptative. C\u2019est-\u00e0-dire un niveau moyen d\u2019automatisation. Ce n\u2019est pas v\u00e9ritablement de l\u2019autonomie. La promesse d\u2019une voiture autonome pour Monsieur Tout-le-monde n\u2019a pas \u00e9t\u00e9 tenue. La barre a \u00e9t\u00e9 mise bien trop haut et trop t\u00f4t. Il y a eu un emballement d\u00e9clench\u00e9 par les g\u00e9ants de l\u2019IT, Google en t\u00eate.<\/em>\u00a0\u00bb<\/p>\n<p>Et encore, il s&rsquo;agit ici de la version optimiste du secteur techno-industriel&#8230; C&rsquo;est dire! Dans les faits, nous expliquions d\u00e8s 2016 que le concept m\u00eame de la voiture autonome est un non-sens en d\u00e9crivant ce que pourrait \u00eatre le <a href=\"http:\/\/carfree.fr\/index.php\/2016\/03\/17\/le-futur-cauchemardesque-de-la-voiture-autonome\/\" rel=\"noopener\" target=\"_blank\">futur cauchemardesque de la voiture autonome<\/a>.<\/p>\n<p>Ce qui est triste dans tout cela, c&rsquo;est qu&rsquo;on arrive en 2021 \u00e0 ce pi\u00e8tre r\u00e9sultat apr\u00e8s des dizaines ou centaines de milliards investis par toutes sortes de multinationales ou start-ups dans de multiples domaines de pointe, intelligence artificielle, r\u00e9seaux de neurones, <em>deep learning<\/em>, recherche sur les cam\u00e9ras, radars, lidars, ultrasons, etc. Autant d&rsquo;argent et de sueur d\u00e9pens\u00e9s pour en arriver \u00e0 ce r\u00e9sultat alors que de multiples domaines particuli\u00e8rement critiques sont pourtant d\u00e9sesp\u00e9r\u00e9ment en recherche de moyens, que l&rsquo;on pense \u00e0 la sant\u00e9, \u00e0 l&rsquo;\u00e9ducation ou \u00e0 l&rsquo;environnement par exemple.<\/p>\n<p>Plus que jamais, tous les ing\u00e9nieurs et les techniciens qui consacrent leurs comp\u00e9tences, leurs talents et au bout du compte leur vie \u00e0 ces projets aberrants devraient <a href=\"http:\/\/carfree.fr\/index.php\/2020\/10\/26\/lettre-aux-ingenieurs-du-vehicule-autonome\/\" rel=\"noopener\" target=\"_blank\">s&rsquo;interroger sur le non-sens de la voiture autonome<\/a>, reposant sur un secteur qui gaspille les ressources pour un r\u00e9sultat insignifiant, si un jour il y a un r\u00e9sultat&#8230;<\/p>\n<p>A force de vouloir rendre co\u00fbte que co\u00fbte la voiture de plus en plus intelligente en la gavant de processeurs ou d&rsquo;intelligence artificielle, elle va peut-\u00eatre finir par se rendre compte que l&rsquo;automobile en soi est la plus grande nuisance que l&rsquo;homme ait con\u00e7u et que le plus raisonnable pour elle est de <a href=\"http:\/\/carfree.fr\/index.php\/2017\/09\/04\/suicide-dune-voiture-intelligente-en-californie\/\" rel=\"noopener\" target=\"_blank\">se suicider<\/a>&#8230;<\/p>\n","protected":false},"excerpt":{"rendered":"<p>Patatras, encore un \u00e9chec industriel dans le domaine automobile. On connaissait l&rsquo;arnaque de la voiture \u00e9lectrique ou\u00a0de la voiture hybride, c&rsquo;est d\u00e9sormais la voiture autonome qui se dirige tout droit <a class=\"more-link\" href=\"https:\/\/carfree.fr\/index.php\/2021\/03\/30\/larnaque-du-vehicule-autonome\/\">Lire la suite&#8230;<\/a><\/p>\n","protected":false},"author":18,"featured_media":43864,"comment_status":"open","ping_status":"closed","sticky":false,"template":"","format":"standard","meta":[],"categories":[73],"tags":[79,11,81,150,1681],"views":7678,"_links":{"self":[{"href":"https:\/\/carfree.fr\/index.php\/wp-json\/wp\/v2\/posts\/43467"}],"collection":[{"href":"https:\/\/carfree.fr\/index.php\/wp-json\/wp\/v2\/posts"}],"about":[{"href":"https:\/\/carfree.fr\/index.php\/wp-json\/wp\/v2\/types\/post"}],"author":[{"embeddable":true,"href":"https:\/\/carfree.fr\/index.php\/wp-json\/wp\/v2\/users\/18"}],"replies":[{"embeddable":true,"href":"https:\/\/carfree.fr\/index.php\/wp-json\/wp\/v2\/comments?post=43467"}],"version-history":[{"count":0,"href":"https:\/\/carfree.fr\/index.php\/wp-json\/wp\/v2\/posts\/43467\/revisions"}],"wp:featuredmedia":[{"embeddable":true,"href":"https:\/\/carfree.fr\/index.php\/wp-json\/wp\/v2\/media\/43864"}],"wp:attachment":[{"href":"https:\/\/carfree.fr\/index.php\/wp-json\/wp\/v2\/media?parent=43467"}],"wp:term":[{"taxonomy":"category","embeddable":true,"href":"https:\/\/carfree.fr\/index.php\/wp-json\/wp\/v2\/categories?post=43467"},{"taxonomy":"post_tag","embeddable":true,"href":"https:\/\/carfree.fr\/index.php\/wp-json\/wp\/v2\/tags?post=43467"}],"curies":[{"name":"wp","href":"https:\/\/api.w.org\/{rel}","templated":true}]}}