{"id":43475,"date":"2020-10-30T11:02:30","date_gmt":"2020-10-30T10:02:30","guid":{"rendered":"http:\/\/carfree.fr\/?p=43475"},"modified":"2020-10-30T11:02:30","modified_gmt":"2020-10-30T10:02:30","slug":"proliferation","status":"publish","type":"post","link":"https:\/\/carfree.fr\/index.php\/2020\/10\/30\/proliferation\/","title":{"rendered":"Prolif\u00e9ration"},"content":{"rendered":"<p>Je les entends. Il fait encore noir en cette matin\u00e9e hivernale. Ce bruit, quasi permanent, nous rappelle leur pr\u00e9sence, omnipr\u00e9sente, inqui\u00e9tante. De ma fen\u00eatre, je les devine, par leurs lueurs perceptibles au loin. Assez loin, du moins, pour que je ne sente pas leur odeur. <!--more--><\/p>\n<p>Je dois sortir, prendre mon v\u00e9lo, rejoindre la ville, travailler, faire des courses, quelques activit\u00e9s futiles. Comme tant d\u2019autres. Nous savons, pourtant, que sortir \u00e0 pied, ou m\u00eame \u00e0 v\u00e9lo, nous expose \u00e0 leur fureur.<\/p>\n<p>Par troupeau, ils foncent droit devant, d\u00e9truisant tout sur leur passage. Mieux vaut \u00e9viter de s\u2019approcher de leurs lieux de migration journali\u00e8re. Aveugl\u00e9 par leur recherche de vivres, par un effet troupeau, ils \u00e9crasent, d\u00e9truisent. Derri\u00e8re eux, il ne reste rien. A part cette odeur pestilentielle qui vous picote durablement le nez. A ce qu\u2019il parait, rien que par leurs gaz, ils seraient plus nocifs que le m\u00e9thane bovin et le virus du pangolin.<\/p>\n<p>Ces grands axes transitoires sont facilement reconnaissables, on peut essayer de les \u00e9viter. Mais la prolif\u00e9ration est devenue tellement importante sur certains territoires que \u00e7a devient difficile.<\/p>\n<p>La v\u00e9g\u00e9tation est totalement inexistante, un sol nu, dur, devenu st\u00e9rile la remplace. De temps \u00e0 autre, une ronce tente une travers\u00e9e, une reprise d\u00e9sesp\u00e9r\u00e9e d\u2019un espace jadis verdoyant. M\u00eame elle, pionni\u00e8re, piquante, d\u00e9termin\u00e9e, ne r\u00e9siste pas \u00e0 leur passage. Ce d\u00e9sert v\u00e9g\u00e9tal a vu dispara\u00eetre la vie animale. Parfois un individu perdu, reptile ou mammif\u00e8re, tente une travers\u00e9e, son corps mutil\u00e9 et abandonn\u00e9 est le rare indice qui nous rappelle que la biodiversit\u00e9, malgr\u00e9 la prolif\u00e9ration, n\u2019a pas encore compl\u00e8tement disparue.<\/p>\n<p>J\u2019\u00e9vite les zones infest\u00e9es. Enfin, j\u2019essaie. Mais attention\u00a0! Des sp\u00e9cimens isol\u00e9s r\u00f4dent, excit\u00e9s, \u00e9loign\u00e9s de leurs cong\u00e9n\u00e8res sur lesquels ils aiment passer leurs nerfs. Des grondements forts se rapprochent, accompagn\u00e9s parfois de hurlements monocordes, r\u00e9p\u00e9titifs qui me font sentir toute leur agressivit\u00e9, teint\u00e9e d\u2019une souffrance certaine. Je me fais petit, esp\u00e9rant, de leur passage, n\u2019en sentir que le vent. Que leur passe-t-il par la t\u00eate\u00a0? Depuis toujours, ils semblent inadapt\u00e9s, malgr\u00e9 les modifications qu\u2019ils ont fait subir \u00e0 leur environnement, ils ne semblent jamais satisfaits. La seule pr\u00e9sence d\u2019une autre esp\u00e8ce semble les mettre en \u00e9tat de transe, incontr\u00f4lables, comme si tout ce qui rentrait dans leur champ de vision leur appartenait, o\u00f9 qu\u2019ils soient, o\u00f9 qu\u2019ils aillent. Ils vocif\u00e8rent, foncent, d\u00e9chiquettent tout ce qu\u2019ils croisent. Ralentir est leur hantise.<\/p>\n<p><img decoding=\"async\" loading=\"lazy\" src=\"http:\/\/carfree.fr\/img\/2020\/10\/proliferation2.jpg\" alt=\"\" width=\"600\" height=\"266\" class=\"alignnone size-full wp-image-43478\" \/><\/p>\n<p>Autant que je me rappelle, ils ont toujours \u00e9t\u00e9 l\u00e0. Parmi les anciens, on se rappelle une \u00e9poque o\u00f9 ils \u00e9taient rares. Plus personne ne peut t\u00e9moigner de l\u2019\u00e9poque d\u2019avant la prolif\u00e9ration. Ils se sont d\u00e9velopp\u00e9s sur les ruines humaines, profitant de chaque guerre mondiale pour occuper un peu plus d\u2019espace. Les r\u00e9gimes autoritaires ont facilit\u00e9 leur d\u00e9veloppement, miroir de leur pouvoir, que rien ne peut arr\u00eater. Les r\u00e9gimes passent et tr\u00e9passent, mais derri\u00e8re eux restent les armes, physiques ou id\u00e9ologiques, continuant, plus discr\u00e8tement, \u00e0 causer de graves d\u00e9g\u00e2ts.<\/p>\n<p>Nous, on a appris \u00e0 vivre avec. Les autorit\u00e9s ont mis des signalisations, notre libert\u00e9 de circuler a \u00e9t\u00e9 limit\u00e9e, entrav\u00e9e, au nom de notre s\u00e9curit\u00e9. Ici et l\u00e0, on nous\u00a0a install\u00e9 quelques voies s\u00e9curis\u00e9es, sans grand effet. La prolif\u00e9ration continue, les voies s\u00e9curis\u00e9es sont souvent occup\u00e9es par ces monstres endormis, qu\u2019on n\u2019ose pas r\u00e9veiller. L\u2019\u00e9radiquer, ou m\u00eame la r\u00e9guler, il n\u2019en est plus question depuis longtemps. Trop bien install\u00e9e, cette solution n\u2019est plus discut\u00e9e. D&rsquo;esp\u00e8ce invasive, destructrice, elle est devenue prot\u00e9g\u00e9e, voire, encourag\u00e9e par des dirigeants devenus fanatiques. Ce symbole de destruction est devenu un symbole de puissance, de pouvoir. Des cultes lui sont \u00e9rig\u00e9s, d\u2019immenses photos du monstre sont affich\u00e9es dans toutes les villes et les campagnes. A tel point que Staline en p\u00e2lirait de jalousie. Bient\u00f4t, elles appara\u00eetront sur les drapeaux nationaux. Et chaque ann\u00e9e, dans de nombreuses villes, de grandes messes ont lieu en son honneur, en tant que symbole d\u2019un capitalisme tout puissant, ces messes sont nomm\u00e9es \u00ab\u00a0salon de l\u2019automobile\u00a0\u00bb !<\/p>\n","protected":false},"excerpt":{"rendered":"<p>Je les entends. Il fait encore noir en cette matin\u00e9e hivernale. Ce bruit, quasi permanent, nous rappelle leur pr\u00e9sence, omnipr\u00e9sente, inqui\u00e9tante. De ma fen\u00eatre, je les devine, par leurs lueurs <a class=\"more-link\" href=\"https:\/\/carfree.fr\/index.php\/2020\/10\/30\/proliferation\/\">Lire la suite&#8230;<\/a><\/p>\n","protected":false},"author":1555,"featured_media":43477,"comment_status":"open","ping_status":"closed","sticky":false,"template":"","format":"standard","meta":[],"categories":[52,73,1038],"tags":[110,11,53,178,304],"views":11488,"_links":{"self":[{"href":"https:\/\/carfree.fr\/index.php\/wp-json\/wp\/v2\/posts\/43475"}],"collection":[{"href":"https:\/\/carfree.fr\/index.php\/wp-json\/wp\/v2\/posts"}],"about":[{"href":"https:\/\/carfree.fr\/index.php\/wp-json\/wp\/v2\/types\/post"}],"author":[{"embeddable":true,"href":"https:\/\/carfree.fr\/index.php\/wp-json\/wp\/v2\/users\/1555"}],"replies":[{"embeddable":true,"href":"https:\/\/carfree.fr\/index.php\/wp-json\/wp\/v2\/comments?post=43475"}],"version-history":[{"count":0,"href":"https:\/\/carfree.fr\/index.php\/wp-json\/wp\/v2\/posts\/43475\/revisions"}],"wp:featuredmedia":[{"embeddable":true,"href":"https:\/\/carfree.fr\/index.php\/wp-json\/wp\/v2\/media\/43477"}],"wp:attachment":[{"href":"https:\/\/carfree.fr\/index.php\/wp-json\/wp\/v2\/media?parent=43475"}],"wp:term":[{"taxonomy":"category","embeddable":true,"href":"https:\/\/carfree.fr\/index.php\/wp-json\/wp\/v2\/categories?post=43475"},{"taxonomy":"post_tag","embeddable":true,"href":"https:\/\/carfree.fr\/index.php\/wp-json\/wp\/v2\/tags?post=43475"}],"curies":[{"name":"wp","href":"https:\/\/api.w.org\/{rel}","templated":true}]}}