{"id":43496,"date":"2020-11-11T12:02:01","date_gmt":"2020-11-11T11:02:01","guid":{"rendered":"http:\/\/carfree.fr\/?p=43496"},"modified":"2020-11-11T12:02:01","modified_gmt":"2020-11-11T11:02:01","slug":"contre-ecrou-2","status":"publish","type":"post","link":"https:\/\/carfree.fr\/index.php\/2020\/11\/11\/contre-ecrou-2\/","title":{"rendered":"Contre-\u00e9crou 2"},"content":{"rendered":"<p>Apr\u00e8s le succ\u00e8s mondial du premier num\u00e9ro de Contre-\u00e9crou, le fanzine v\u00e9lorutionnaire r\u00e9alis\u00e9 par le collectif presse-cuvettes, voici le num\u00e9ro 2 avec une superbe couverture r\u00e9alis\u00e9e par le c\u00e9l\u00e8bre illustrateur am\u00e9ricain Ken Avidor. <!--more--><\/p>\n<p>Le <a href=\"http:\/\/carfree.fr\/index.php\/2020\/07\/10\/contre-ecrou-fanzine-velorutionnaire\/\" rel=\"noopener\" target=\"_blank\">premier num\u00e9ro de Contre-\u00e9crou<\/a> est d\u00e9j\u00e0 collector, r\u00e9imprim\u00e9 trois fois et d\u00e9j\u00e0 introuvable. 250 exemplaires \u00e9coul\u00e9s comme des petits pains en Bretagne bien s\u00fbr, mais aussi \u00e0 Toulouse,  Bordeaux, Lyon, Grenoble, Paris et m\u00eame au Canada !<\/p>\n<p>Malgr\u00e9 ce succ\u00e8s inattendu, le collectif presse-cuvettes s&rsquo;engage \u00e0 garder les pieds sur les p\u00e9dales et livre un contre-\u00e9crou n\u00b02 avec une philosophie inchang\u00e9e : une libert\u00e9 d&rsquo;expression totale, une parution alternative, une distribution al\u00e9atoire et une ligne \u00e9ditoriale floue&#8230; Mais une seule certitude : le v\u00e9lo peut changer le monde !<\/p>\n<p>Son prix est libre, on donne ce qu\u2019on veut \u00e0 partir du moment o\u00f9 cela d\u00e9passe 1 euro, le co\u00fbt de fabrication.<\/p>\n<p>Pour contacter contre-\u00e9crou, c\u2019est ici: contre-ecrou at mailo.com<\/p>\n","protected":false},"excerpt":{"rendered":"<p>Apr\u00e8s le succ\u00e8s mondial du premier num\u00e9ro de Contre-\u00e9crou, le fanzine v\u00e9lorutionnaire r\u00e9alis\u00e9 par le collectif presse-cuvettes, voici le num\u00e9ro 2 avec une superbe couverture r\u00e9alis\u00e9e par le c\u00e9l\u00e8bre illustrateur <a class=\"more-link\" href=\"https:\/\/carfree.fr\/index.php\/2020\/11\/11\/contre-ecrou-2\/\">Lire la suite&#8230;<\/a><\/p>\n","protected":false},"author":168,"featured_media":43497,"comment_status":"open","ping_status":"closed","sticky":false,"template":"","format":"standard","meta":[],"categories":[4,7],"tags":[262,572,1664,113],"views":12769,"_links":{"self":[{"href":"https:\/\/carfree.fr\/index.php\/wp-json\/wp\/v2\/posts\/43496"}],"collection":[{"href":"https:\/\/carfree.fr\/index.php\/wp-json\/wp\/v2\/posts"}],"about":[{"href":"https:\/\/carfree.fr\/index.php\/wp-json\/wp\/v2\/types\/post"}],"author":[{"embeddable":true,"href":"https:\/\/carfree.fr\/index.php\/wp-json\/wp\/v2\/users\/168"}],"replies":[{"embeddable":true,"href":"https:\/\/carfree.fr\/index.php\/wp-json\/wp\/v2\/comments?post=43496"}],"version-history":[{"count":0,"href":"https:\/\/carfree.fr\/index.php\/wp-json\/wp\/v2\/posts\/43496\/revisions"}],"wp:featuredmedia":[{"embeddable":true,"href":"https:\/\/carfree.fr\/index.php\/wp-json\/wp\/v2\/media\/43497"}],"wp:attachment":[{"href":"https:\/\/carfree.fr\/index.php\/wp-json\/wp\/v2\/media?parent=43496"}],"wp:term":[{"taxonomy":"category","embeddable":true,"href":"https:\/\/carfree.fr\/index.php\/wp-json\/wp\/v2\/categories?post=43496"},{"taxonomy":"post_tag","embeddable":true,"href":"https:\/\/carfree.fr\/index.php\/wp-json\/wp\/v2\/tags?post=43496"}],"curies":[{"name":"wp","href":"https:\/\/api.w.org\/{rel}","templated":true}]}}