{"id":43630,"date":"2021-01-25T08:31:54","date_gmt":"2021-01-25T07:31:54","guid":{"rendered":"http:\/\/carfree.fr\/?p=43630"},"modified":"2021-01-31T17:39:41","modified_gmt":"2021-01-31T16:39:41","slug":"comment-organiser-une-journee-sans-voiture","status":"publish","type":"post","link":"https:\/\/carfree.fr\/index.php\/2021\/01\/25\/comment-organiser-une-journee-sans-voiture\/","title":{"rendered":"Comment organiser une journ\u00e9e sans voiture"},"content":{"rendered":"<p>L&rsquo;association CODATU (Coop\u00e9ration pour le D\u00e9veloppement et l\u2019Am\u00e9lioration des Transports Urbains et P\u00e9riurbains) a r\u00e9alis\u00e9 en 2018 un petit guide pratique de l&rsquo;organisation d&rsquo;une journ\u00e9e sans voiture, document indispensable pour tous ceux qui voudraient se lancer dans l&rsquo;organisation d&rsquo;une journ\u00e9e de ce type dans leur ville. <!--more--><\/p>\n<p>CODATU est une association qui \u0153uvre pour une mobilit\u00e9 urbaine durable dans les pays en d\u00e9veloppement, et accompagne les projets de transports urbains en Afrique, en Asie et en Am\u00e9rique Latine, en menant des actions de formation, d\u2019animation, d\u2019\u00e9changes scientifiques et de coop\u00e9rations techniques.<\/p>\n<p>L\u2019organisation de <a href=\"https:\/\/journeesansvoitures.wordpress.com\/\" rel=\"noopener\" target=\"_blank\">journ\u00e9es sans voiture<\/a> est pour CODATU un puissant outil de sensibilisation et de pr\u00e9figuration d\u2019une ville lib\u00e9r\u00e9e de la voiture qui permet au citadin de se r\u00e9approprier l\u2019espace public. Ce guide pratique a \u00e9t\u00e9 \u00e9labor\u00e9 sur la base de deux exp\u00e9riences de journ\u00e9es sans voiture co-organis\u00e9es par CODATU \u00e0 Kochi en Inde et \u00e0 Tunis en Tunisie. S\u2019appuyant sur ces deux exemples, il a l\u2019ambition de reprendre les grandes \u00e9tapes de l\u2019organisation de ces journ\u00e9es et de montrer que ces \u00e9v\u00e9nements peuvent \u00eatre organis\u00e9s dans un d\u00e9lai court (1 \u00e0 2 mois) et \u00e0 moindre co\u00fbt.<\/p>\n<p>Initi\u00e9es dans les ann\u00e9es 90 pour pr\u00e9figurer le potentiel qu\u2019offrent les rues une fois lib\u00e9r\u00e9es de la circulation motoris\u00e9e, les journ\u00e9es sans voiture rencontrent aujourd\u2019hui un grand succ\u00e8s aupr\u00e8s des urbains du monde entier. De nombreuses villes s\u2019appuient d\u00e9j\u00e0 sur cet outil pour sensibiliser les populations au besoin de r\u00e9duire l\u2019usage de la voiture en ville en bloquant r\u00e9guli\u00e8rement des sections de voie publique aux v\u00e9hicules motoris\u00e9s pendant une journ\u00e9e. Ce type d\u2019\u00e9v\u00e9nement permet ainsi de communiquer sur les avantages d\u2019une telle politique en termes de pollution, de congestion, ou de s\u00e9curit\u00e9 routi\u00e8re. Il existe aujourd\u2019hui de nombreux exemples d\u2019\u00e9v\u00e9nements hebdomadaires ou mensuels \u00e0 travers le monde qui permettent une r\u00e9appropriation de l\u2019espace public et une promotion de la mobilit\u00e9 durable.<\/p>\n<p><strong>Enseignements tir\u00e9s des journ\u00e9es sans voiture en Europe :<\/strong><\/p>\n<ul>\n<li>Une opinion publique favorable \u00e0 80%<\/li>\n<li>Une fr\u00e9quentation des centres-villes \u00e9quivalent \u00e0 un jour ordinaire<\/li>\n<li>Un usage de la marche et du v\u00e9lo accrus<\/li>\n<li>Une baisse de la pollution sonore tr\u00e8s appr\u00e9ci\u00e9e<\/li>\n<\/ul>\n<p><a href=\"http:\/\/www.codatu.org\/wp-content\/uploads\/Brochure_A5_journe\u0301e_sans_voiture_FR.pdf\" rel=\"noopener\" target=\"_blank\">T\u00e9l\u00e9charger le petit guide pratique de l&rsquo;organisation d&rsquo;une journ\u00e9e sans voiture (format pdf)<\/a><\/p>\n<p>Source: <a href=\"http:\/\/www.codatu.org\/\" rel=\"noopener\" target=\"_blank\">http:\/\/www.codatu.org\/<\/a><\/p>\n","protected":false},"excerpt":{"rendered":"<p>L&rsquo;association CODATU (Coop\u00e9ration pour le D\u00e9veloppement et l\u2019Am\u00e9lioration des Transports Urbains et P\u00e9riurbains) a r\u00e9alis\u00e9 en 2018 un petit guide pratique de l&rsquo;organisation d&rsquo;une journ\u00e9e sans voiture, document indispensable pour <a class=\"more-link\" href=\"https:\/\/carfree.fr\/index.php\/2021\/01\/25\/comment-organiser-une-journee-sans-voiture\/\">Lire la suite&#8230;<\/a><\/p>\n","protected":false},"author":1390,"featured_media":43631,"comment_status":"open","ping_status":"closed","sticky":false,"template":"","format":"standard","meta":[],"categories":[4,73,1802,9,5,72,8,7,70,3],"tags":[1709,491,143,202,94,1809,1377,34],"views":14015,"_links":{"self":[{"href":"https:\/\/carfree.fr\/index.php\/wp-json\/wp\/v2\/posts\/43630"}],"collection":[{"href":"https:\/\/carfree.fr\/index.php\/wp-json\/wp\/v2\/posts"}],"about":[{"href":"https:\/\/carfree.fr\/index.php\/wp-json\/wp\/v2\/types\/post"}],"author":[{"embeddable":true,"href":"https:\/\/carfree.fr\/index.php\/wp-json\/wp\/v2\/users\/1390"}],"replies":[{"embeddable":true,"href":"https:\/\/carfree.fr\/index.php\/wp-json\/wp\/v2\/comments?post=43630"}],"version-history":[{"count":0,"href":"https:\/\/carfree.fr\/index.php\/wp-json\/wp\/v2\/posts\/43630\/revisions"}],"wp:featuredmedia":[{"embeddable":true,"href":"https:\/\/carfree.fr\/index.php\/wp-json\/wp\/v2\/media\/43631"}],"wp:attachment":[{"href":"https:\/\/carfree.fr\/index.php\/wp-json\/wp\/v2\/media?parent=43630"}],"wp:term":[{"taxonomy":"category","embeddable":true,"href":"https:\/\/carfree.fr\/index.php\/wp-json\/wp\/v2\/categories?post=43630"},{"taxonomy":"post_tag","embeddable":true,"href":"https:\/\/carfree.fr\/index.php\/wp-json\/wp\/v2\/tags?post=43630"}],"curies":[{"name":"wp","href":"https:\/\/api.w.org\/{rel}","templated":true}]}}