{"id":43745,"date":"2021-02-05T08:43:14","date_gmt":"2021-02-05T07:43:14","guid":{"rendered":"http:\/\/carfree.fr\/?p=43745"},"modified":"2025-03-28T10:06:30","modified_gmt":"2025-03-28T09:06:30","slug":"le-velo-est-un-moyen-de-transport-de-droite","status":"publish","type":"post","link":"https:\/\/carfree.fr\/index.php\/2021\/02\/05\/le-velo-est-un-moyen-de-transport-de-droite\/","title":{"rendered":"Le v\u00e9lo est un moyen de transport de droite"},"content":{"rendered":"<p>Voici 15 raisons qui font que, contrairement \u00e0 ce que vous croyez, le v\u00e9lo est clairement un moyen de transport de droite&#8230; <!--more--><\/p>\n<p><strong>1) C&rsquo;est un moyen de transport principalement individuel.<\/strong><\/p>\n<p>Ou alors \u00e9ventuellement familial. C&rsquo;est important comme valeur, la famille.<br \/>\nRien \u00e0 voir avec les transports en commun du prol\u00e9tariat !<\/p>\n<p><strong>2) Un v\u00e9lo, \u00e7a ne fonctionne pas tout seul. Il faut faire des efforts pour que \u00e7a avance.<\/strong><\/p>\n<p>Pas comme une voiture, cet engin d&rsquo;assist\u00e9s, o\u00f9 il suffit juste d&rsquo;appuyer un peu sur l&rsquo;acc\u00e9l\u00e9rateur et d&rsquo;attendre que \u00e7a se passe!<\/p>\n<p><strong>3) C&rsquo;est le v\u00e9hicule qui a le meilleur rendement \u00e9nergie d\u00e9pens\u00e9e \/ distance parcourue.<\/strong><\/p>\n<p>Pas comme les ouatures, ces engins o\u00f9 on jette l&rsquo;argent par les fen\u00eatres en achetant de l&rsquo;essence alors que seule une infime partie du carburant sert \u00e0 nous d\u00e9placer!<\/p>\n<p><strong>4) Le v\u00e9lo est LE moyen de transport pr\u00e9f\u00e9r\u00e9 des patrons.<\/strong><\/p>\n<p>Il emp\u00eache d&rsquo;arriver en retard au travail car avec le v\u00e9lotaf, on sait quand on part et quand on arrive. Pas d&rsquo;excuse bidon comme les bouchons sur le p\u00e9rif pour resquiller sur les horaires.<\/p>\n<p><strong>5) Les v\u00e9lotafeurs sont mieux r\u00e9veill\u00e9s en arrivant au bureau. <\/strong><\/p>\n<p>Finie la \u00ab\u00a0pause caf\u00e9\u00a0\u00bb de 9h du matin (alors que tu viens d&rsquo;en prendre un au petit-d\u00e9jeuner) et donc les salari\u00e9s sont plus productifs!<\/p>\n<p><strong>6) Pratiquer une activit\u00e9 physique comme le v\u00e9lo am\u00e9liore aussi la sant\u00e9. <\/strong><\/p>\n<p>Les cyclistes sont moins malade, donc moins d&rsquo;absent\u00e9isme en entreprise et plus de productivit\u00e9.<\/p>\n<p><strong>7) Le v\u00e9lo permet de travailler plus longtemps!<\/strong><\/p>\n<p>Comme le v\u00e9lo am\u00e9liore aussi l&rsquo;esp\u00e9rance de vie, on peut travailler plus longtemps et repousser ind\u00e9finiment l&rsquo;\u00e2ge de d\u00e9part \u00e0 la retraite! #TravaillerPlusPourTravaillerPlus<\/p>\n<p><strong>8) Le v\u00e9lo est l&rsquo;arme ultime anti-gr\u00e8ves !<\/strong><\/p>\n<p>Le v\u00e9lo est aussi l&rsquo;arme ultime pour lutter contre les gr\u00e8ves de la RATP ou de la SNCF, ces sales socialo-gauchiss privil\u00e9gi\u00e9s! On a bien vu en d\u00e9cembre 2019 tous ces gens qui prenaient leur v\u00e9lo plut\u00f4t que d&rsquo;\u00eatre solidaire du mouvement!<\/p>\n<p><strong>9) Les cyclistes r\u00e9duisent le trou de la s\u00e9cu !<\/strong><\/p>\n<p>\u00c0 propos de sant\u00e9 : comme les cyclistes sont moins malades, ils r\u00e9duisent le trou de la s\u00e9curit\u00e9 sociale, et ils r\u00e9duisent la dette par la m\u00eame occasion!<\/p>\n<p><img decoding=\"async\" loading=\"lazy\" class=\"alignnone size-full wp-image-43747\" src=\"http:\/\/carfree.fr\/img\/2021\/02\/merci.jpg\" alt=\"\" width=\"600\" height=\"335\" \/><\/p>\n<p><strong>10) Les pistes cyclables sont plus rentables que les routes !<\/strong><\/p>\n<p>Une piste cyclable co\u00fbte moins cher \u00e0 fabriquer qu&rsquo;une route classique mais fait passer plus de monde: meilleure rentabilit\u00e9, plus grand retour sur investissement. Et elle demande moins d&rsquo;entretien, donc moins de fonctionnaires gauchiss \u00e0 payer pour rien faire&#8230;<\/p>\n<p><strong>11) D&rsquo;ailleurs, o\u00f9 doivent rouler les v\u00e9los sur la chauss\u00e9e ? <\/strong><br \/>\n.<br \/>\n.<br \/>\n.<br \/>\n\u00c0 DROITE !<\/p>\n<p><strong>12) Le cycliste est le Jean-Pierre Pernaut de la mobilit\u00e9 !<\/strong><\/p>\n<p>Le cycliste s&rsquo;arr\u00eate plus souvent et consomme plus dans les commerces locaux. Il voyage en France dans les petits villages. Il soutient donc l&rsquo;\u00e9conomie nationale, les artisans, les commer\u00e7ants et les PME. \u00c0 la limite du protectionnisme&#8230;<\/p>\n<p><strong>13) Le cycliste joue avec ses propres r\u00e8gles du jeu.<\/strong><\/p>\n<p>Le panneau M12 qui autorise les cyclistes \u00e0 passer au rouge est l&rsquo;expression concr\u00e8te de l&rsquo;esprit d&rsquo;entreprenariat et d&rsquo;ultralib\u00e9ralisme des cyclistes: \u00ab\u00a0il y a le droit commun, mais moi je joue avec mes propres r\u00e8gles du jeu.\u00a0\u00bb<\/p>\n<p><img decoding=\"async\" loading=\"lazy\" class=\"alignnone size-full wp-image-43748\" src=\"http:\/\/carfree.fr\/img\/2021\/02\/m12.jpg\" alt=\"\" width=\"600\" height=\"361\" \/><\/p>\n<p><strong>14) Il para\u00eet que le v\u00e9lo c&rsquo;est le moyen de transport des \u00e9colos ?<\/strong><\/p>\n<p>Non mais ils roulent sur des engins constitu\u00e9s d&rsquo;acier ou d&rsquo;aluminium, extraits et fabriqu\u00e9s en Chine, puis import\u00e9s, et dont tous les accessoires sont en plastique. LA MONDIALISATION !<\/p>\n<p><strong>15) Le v\u00e9lo est une drogue de droite<\/strong><\/p>\n<p>Enfin, faire du v\u00e9lo s\u00e9cr\u00e8te des endorphines. C&rsquo;est autre chose que toutes vos herbes \u00e0 fumer qui font planer l\u00e0. C&rsquo;est pas pour rien qu&rsquo;on parle de cyclodrogu\u00e9s! Et en plus, c&rsquo;est l\u00e9gal!<\/p>\n<p><img decoding=\"async\" loading=\"lazy\" class=\"alignnone size-full wp-image-43750\" src=\"http:\/\/carfree.fr\/img\/2021\/02\/legal.jpg\" alt=\"\" width=\"600\" height=\"330\" \/><\/p>\n<p>Avec tout \u00e7a, vous ne pourrez plus dire que les cyclistes sont de sales bobos gauchistes! D&rsquo;ailleurs, Sarkozy lui-m\u00eame est cycliste, c&rsquo;est dire. Et Staline ne faisait pas de v\u00e9lo \u00e0 ce que je sache !<\/p>\n<p>Et vous, cyclistes qui vous dites de gauche : arr\u00eatez de mentir, on vous voit ! #NousSachons<\/p>\n<p>Source: <a href=\"https:\/\/twitter.com\/enroueslibres\/\" target=\"_blank\" rel=\"noopener\">https:\/\/twitter.com\/enroueslibres\/<\/a><\/p>\n","protected":false},"excerpt":{"rendered":"<p>Voici 15 raisons qui font que, contrairement \u00e0 ce que vous croyez, le v\u00e9lo est clairement un moyen de transport de droite&#8230;<\/p>\n","protected":false},"author":37,"featured_media":43746,"comment_status":"open","ping_status":"closed","sticky":false,"template":"","format":"standard","meta":[],"categories":[4,7],"tags":[1709,646,846,287,935,1664],"views":16583,"_links":{"self":[{"href":"https:\/\/carfree.fr\/index.php\/wp-json\/wp\/v2\/posts\/43745"}],"collection":[{"href":"https:\/\/carfree.fr\/index.php\/wp-json\/wp\/v2\/posts"}],"about":[{"href":"https:\/\/carfree.fr\/index.php\/wp-json\/wp\/v2\/types\/post"}],"author":[{"embeddable":true,"href":"https:\/\/carfree.fr\/index.php\/wp-json\/wp\/v2\/users\/37"}],"replies":[{"embeddable":true,"href":"https:\/\/carfree.fr\/index.php\/wp-json\/wp\/v2\/comments?post=43745"}],"version-history":[{"count":0,"href":"https:\/\/carfree.fr\/index.php\/wp-json\/wp\/v2\/posts\/43745\/revisions"}],"wp:featuredmedia":[{"embeddable":true,"href":"https:\/\/carfree.fr\/index.php\/wp-json\/wp\/v2\/media\/43746"}],"wp:attachment":[{"href":"https:\/\/carfree.fr\/index.php\/wp-json\/wp\/v2\/media?parent=43745"}],"wp:term":[{"taxonomy":"category","embeddable":true,"href":"https:\/\/carfree.fr\/index.php\/wp-json\/wp\/v2\/categories?post=43745"},{"taxonomy":"post_tag","embeddable":true,"href":"https:\/\/carfree.fr\/index.php\/wp-json\/wp\/v2\/tags?post=43745"}],"curies":[{"name":"wp","href":"https:\/\/api.w.org\/{rel}","templated":true}]}}