{"id":43767,"date":"2021-02-10T09:11:52","date_gmt":"2021-02-10T08:11:52","guid":{"rendered":"http:\/\/carfree.fr\/?p=43767"},"modified":"2021-02-10T09:11:52","modified_gmt":"2021-02-10T08:11:52","slug":"qui-veut-la-peau-de-la-convention-climat","status":"publish","type":"post","link":"https:\/\/carfree.fr\/index.php\/2021\/02\/10\/qui-veut-la-peau-de-la-convention-climat\/","title":{"rendered":"Qui veut la peau de la convention climat?"},"content":{"rendered":"<p>En juin dernier, la \u00ab convention citoyenne pour le climat \u00bb pr\u00e9sentait 149 propositions concr\u00e8tes pour que la France atteigne v\u00e9ritablement ses objectifs climatiques. Ce 10 f\u00e9vrier, le gouvernement pr\u00e9sente en conseil des ministres un projet de loi cens\u00e9 donner effet \u00e0 ces pr\u00e9conisations, mais qui est en r\u00e9alit\u00e9 vid\u00e9 de toute substance et de toute ambition. <!--more--><\/p>\n<p>Les propositions des \u00ab citoyens \u00bb, avant m\u00eame de pouvoir \u00eatre examin\u00e9es au Parlement, ont \u00e9t\u00e9 l\u2019objet d\u2019une violente offensive de lobbying.<\/p>\n<p>Les principaux secteurs industriels concern\u00e9s \u2013 automobile, a\u00e9rien, agrochimie, publicit\u00e9 \u2013 ont mobilis\u00e9 tous les leviers d\u2019influence \u00e0 leur disposition, en public et dans l\u2019ombre, soutenus par une large coalition de conservatismes et d\u2019int\u00e9r\u00eats \u00e9tablis. La convention citoyenne avait \u00e9t\u00e9 con\u00e7ue pour ouvrir la discussion au-del\u00e0 de l\u2019entre-soi des industriels et de l\u2019administration, afin de mener \u00e0 de vrais changements. Le retour de b\u00e2ton n\u2019en a \u00e9t\u00e9 que plus brutal.<\/p>\n<p>Ce rapport expose comment les industriels ont r\u00e9ussi leur travail de sape. On y croise notamment les lobbyistes de Monsanto reconvertis en d\u00e9fenseurs de la libert\u00e9 de prendre l\u2019avion, de v\u00e9n\u00e9rables institutions \u00e9tatiques mises au service des secteurs qu\u2019elles sont cens\u00e9es r\u00e9guler, des \u00ab experts \u00bb qui cachent leurs liens avec les industriels, des chroniqueurs conservateurs qui se r\u00e9pandent en invectives contre les \u00ab citoyens \u00bb dans des m\u00e9dias eux-m\u00eames directement affect\u00e9s par leurs propositions, ou encore des r\u00e9seaux libertariens venus des \u00c9tats-Unis qui interviennent dans le d\u00e9bat fran\u00e7ais pour d\u00e9fendre les droits des riches contre toute forme de r\u00e9gulation.<\/p>\n<p>\u00c0 travers cette opposition acharn\u00e9e aux propositions des \u00ab citoyens \u00bb, de puissants int\u00e9r\u00eats industriels et financiers refusent de faire leur juste part des efforts de r\u00e9duction des \u00e9missions de gaz \u00e0 effet de serre. Leur influence appara\u00eet plus que jamais comme un obstacle \u00e0 toute r\u00e9elle action climatique.<\/p>\n<p>Lobbys contre citoyens &#8211; Qui veut la peau de la convention climat ?<br \/>\n<a href=\"https:\/\/multinationales.org\/IMG\/pdf\/rapp_2.pdf\" rel=\"noopener\" target=\"_blank\">T\u00e9l\u00e9charger le rapport au format pdf (1,61 Mo)<\/a><\/p>\n","protected":false},"excerpt":{"rendered":"<p>En juin dernier, la \u00ab convention citoyenne pour le climat \u00bb pr\u00e9sentait 149 propositions concr\u00e8tes pour que la France atteigne v\u00e9ritablement ses objectifs climatiques. Ce 10 f\u00e9vrier, le gouvernement pr\u00e9sente <a class=\"more-link\" href=\"https:\/\/carfree.fr\/index.php\/2021\/02\/10\/qui-veut-la-peau-de-la-convention-climat\/\">Lire la suite&#8230;<\/a><\/p>\n","protected":false},"author":70,"featured_media":43768,"comment_status":"open","ping_status":"closed","sticky":false,"template":"","format":"standard","meta":[],"categories":[124,72],"tags":[57,81,177,287,1669],"views":9941,"_links":{"self":[{"href":"https:\/\/carfree.fr\/index.php\/wp-json\/wp\/v2\/posts\/43767"}],"collection":[{"href":"https:\/\/carfree.fr\/index.php\/wp-json\/wp\/v2\/posts"}],"about":[{"href":"https:\/\/carfree.fr\/index.php\/wp-json\/wp\/v2\/types\/post"}],"author":[{"embeddable":true,"href":"https:\/\/carfree.fr\/index.php\/wp-json\/wp\/v2\/users\/70"}],"replies":[{"embeddable":true,"href":"https:\/\/carfree.fr\/index.php\/wp-json\/wp\/v2\/comments?post=43767"}],"version-history":[{"count":0,"href":"https:\/\/carfree.fr\/index.php\/wp-json\/wp\/v2\/posts\/43767\/revisions"}],"wp:featuredmedia":[{"embeddable":true,"href":"https:\/\/carfree.fr\/index.php\/wp-json\/wp\/v2\/media\/43768"}],"wp:attachment":[{"href":"https:\/\/carfree.fr\/index.php\/wp-json\/wp\/v2\/media?parent=43767"}],"wp:term":[{"taxonomy":"category","embeddable":true,"href":"https:\/\/carfree.fr\/index.php\/wp-json\/wp\/v2\/categories?post=43767"},{"taxonomy":"post_tag","embeddable":true,"href":"https:\/\/carfree.fr\/index.php\/wp-json\/wp\/v2\/tags?post=43767"}],"curies":[{"name":"wp","href":"https:\/\/api.w.org\/{rel}","templated":true}]}}