{"id":43797,"date":"2021-03-08T08:40:36","date_gmt":"2021-03-08T07:40:36","guid":{"rendered":"http:\/\/carfree.fr\/?p=43797"},"modified":"2021-03-08T08:40:36","modified_gmt":"2021-03-08T07:40:36","slug":"lecraseur","status":"publish","type":"post","link":"https:\/\/carfree.fr\/index.php\/2021\/03\/08\/lecraseur\/","title":{"rendered":"L&rsquo;\u00e9craseur !"},"content":{"rendered":"<p>Les journaux parisiens nous ont annonc\u00e9 que l&rsquo;automobiliste qui, \u00e9tant ivre, tua un pi\u00e9ton, a \u00e9t\u00e9 remis en libert\u00e9 provisoire, en raison de sa belle conduite pendant la guerre. <!--more--><\/p>\n<p>Je crois que le juge a compris de suite que l&rsquo;acte d&rsquo;\u00e9craseur ressortissait aux exploits militaires et continuait la s\u00e9rie des glorieux faits d&rsquo;armes de guerre. Beaucoup de citations glorieuses pourraient, en effet, se r\u00e9sumer dans la citation que l&#8217;emboutisseur vient d&rsquo;obtenir du juge d&rsquo;instruction.<\/p>\n<p>Etant ivre&#8230; H\u00e9 ! mon Dieu ! qui ne sait qu&rsquo;aux jours de la Grande Guerre, le poilu communiait dans la religion de la bravoure militaire sous les esp\u00e8ces de la gnole et du pinard? Et les grands pr\u00eatres disaient: \u00ab\u00a0Buvez! ceci est le Droit, ceci est la Justice!\u00a0\u00bb<\/p>\n<p>A \u00e9cras\u00e9 un pi\u00e9ton&#8230; Cette phrase, en style de communiqu\u00e9, s&rsquo;exprimait: \u00ab\u00a0L&rsquo;ennemi a \u00e9t\u00e9 \u00e9cras\u00e9.\u00a0\u00bb Mais le r\u00e9sultat \u00e9tait le m\u00eame: plus il y avait eu de gnole, plus l&rsquo;\u00e9crasement \u00e9tait superbe.<\/p>\n<p>Le chauffard qui s&rsquo;est vu d\u00e9corer et transporter aux nues pour ses premi\u00e8res performances, a voulu, &#8211; et c&rsquo;est l\u00e0 son erreur, &#8211; transporter ses m\u00e9thodes militaires dans la vie civile et les exp\u00e9rimenter dans les zones de l&rsquo;arri\u00e8re.<\/p>\n<p>\u00ab\u00a0Quand je buvais de la gnole, s&rsquo;est-il dit, j&rsquo;\u00e9tais glorieux; je veux continuer \u00e0 \u00eatre glorieux.\u00a0\u00bb<\/p>\n<p>Alors, au volant de son auto, il entre dans le premier pi\u00e9ton qui s&rsquo;est trouv\u00e9 dans le champ de tir.<\/p>\n<p>Vous allez m&rsquo;objecter: \u00ab\u00a0Le pi\u00e9ton ne lui avait rien fait.\u00a0\u00bb<\/p>\n<p>Pardon ! Le pi\u00e9ton lui avait fait exactement ce que lui faisaient les Boches au Chemin-des-Dames. Il s&rsquo;\u00e9tait mis devant lui. Il encombrait la route. Il ralentissait son avance.<\/p>\n<p>Le juge d&rsquo;instruction du Mans, o\u00f9 s&rsquo;est d\u00e9roul\u00e9e l&rsquo;action, montre donc un sentiment exact de la justice quand il fait rel\u00e2cher le chauffard.<\/p>\n<p>Il para\u00eetrait illogique \u00e0 tout jugement s\u00e9rieux qu&rsquo;on emprisonn\u00e2t un homme pour s&rsquo;\u00eatre mis dans un \u00e9tat qui, au temps de la guerre, \u00e9tait un \u00e9tat de gr\u00e2ce.<\/p>\n<p>Et qui sait maintenant si le pi\u00e9ton \u00e9cras\u00e9 n&rsquo;est pas un des super-patriotes qui ont ordonn\u00e9 de verser autrefois son premier quart de gnole patriotique au glorieux \u00e9craseur.<\/p>\n<p>M\u00e9cano.<\/p>\n<p><em>La Gazette de Mostaganem : Journal ind\u00e9pendant et d&rsquo;int\u00e9r\u00eat g\u00e9n\u00e9ral paraissant tous les Samedis<br \/>\n22 octobre 1938<\/em><\/p>\n<p>Image: <a href=\"http:\/\/carfree.fr\/index.php\/2008\/01\/10\/les-valeurs-de-lautomobile\/\" rel=\"noopener\" target=\"_blank\">Les valeurs de l&rsquo;automobile<\/a><\/p>\n","protected":false},"excerpt":{"rendered":"<p>Les journaux parisiens nous ont annonc\u00e9 que l&rsquo;automobiliste qui, \u00e9tant ivre, tua un pi\u00e9ton, a \u00e9t\u00e9 remis en libert\u00e9 provisoire, en raison de sa belle conduite pendant la guerre.<\/p>\n","protected":false},"author":1662,"featured_media":43798,"comment_status":"open","ping_status":"closed","sticky":false,"template":"","format":"standard","meta":[],"categories":[1038],"tags":[198,101,320,178],"views":7363,"_links":{"self":[{"href":"https:\/\/carfree.fr\/index.php\/wp-json\/wp\/v2\/posts\/43797"}],"collection":[{"href":"https:\/\/carfree.fr\/index.php\/wp-json\/wp\/v2\/posts"}],"about":[{"href":"https:\/\/carfree.fr\/index.php\/wp-json\/wp\/v2\/types\/post"}],"author":[{"embeddable":true,"href":"https:\/\/carfree.fr\/index.php\/wp-json\/wp\/v2\/users\/1662"}],"replies":[{"embeddable":true,"href":"https:\/\/carfree.fr\/index.php\/wp-json\/wp\/v2\/comments?post=43797"}],"version-history":[{"count":0,"href":"https:\/\/carfree.fr\/index.php\/wp-json\/wp\/v2\/posts\/43797\/revisions"}],"wp:featuredmedia":[{"embeddable":true,"href":"https:\/\/carfree.fr\/index.php\/wp-json\/wp\/v2\/media\/43798"}],"wp:attachment":[{"href":"https:\/\/carfree.fr\/index.php\/wp-json\/wp\/v2\/media?parent=43797"}],"wp:term":[{"taxonomy":"category","embeddable":true,"href":"https:\/\/carfree.fr\/index.php\/wp-json\/wp\/v2\/categories?post=43797"},{"taxonomy":"post_tag","embeddable":true,"href":"https:\/\/carfree.fr\/index.php\/wp-json\/wp\/v2\/tags?post=43797"}],"curies":[{"name":"wp","href":"https:\/\/api.w.org\/{rel}","templated":true}]}}