{"id":43831,"date":"2021-03-23T08:52:34","date_gmt":"2021-03-23T07:52:34","guid":{"rendered":"http:\/\/carfree.fr\/?p=43831"},"modified":"2021-03-23T08:52:34","modified_gmt":"2021-03-23T07:52:34","slug":"emile-zola-mes-impressions-de-bicycliste","status":"publish","type":"post","link":"https:\/\/carfree.fr\/index.php\/2021\/03\/23\/emile-zola-mes-impressions-de-bicycliste\/","title":{"rendered":"\u00c9mile Zola : \u00ab\u00a0mes impressions de bicycliste\u00a0\u00bb"},"content":{"rendered":"<p>\u00c9mile Zola (1840-1902) \u00e9tait un fervent de la bicyclette. Une citation de lui est m\u00eame c\u00e9l\u00e8bre: \u00ab\u00a0<em>J&rsquo;aime la bicyclette pour l&rsquo;oubli qu&rsquo;elle donne. J&rsquo;ai beau marcher, je pense. A bicyclette, je vais dans le vent, je ne pense plus, et rien n&rsquo;est d&rsquo;un aussi d\u00e9licieux repos<\/em>.\u00a0\u00bb (Les Annales politiques et litt\u00e9raires, 12 juillet 1896). Dans ce court texte manuscrit, \u00c9mile Zola livre ses \u00ab\u00a0<em>impressions de bicycliste<\/em>.\u00a0\u00bb <!--more--><\/p>\n<p><strong>Mes impressions de bicycliste?<\/strong><\/p>\n<p>Elles sont fort modestes, car je ne suis qu&rsquo;un tr\u00e8s humble amateur et mes prouesses se bornent \u00e0 faire mes quinze \u00e0 vingt petits kilom\u00e8tres l&rsquo;apr\u00e8s-midi, pour la joie de l&rsquo;exercice et du plein air. Mais je regrette vraiment la jeunesse et le temps \u00e0 perdre, que je n&rsquo;ai pas. Avec du loisirs et vingt ans de moins, je crois que j&rsquo;aurais \u00e9t\u00e9 un fervent, un passionn\u00e9. Aller \u00e0 l&rsquo;aventure, voler avec le vent, voir les horizons fuir comme en un r\u00eave, c&rsquo;est l\u00e0 une griserie d\u00e9licieuse.<\/p>\n<p>Et puis, pour nous autres, noircisseurs de papier, cerveaux encombr\u00e9s de phrases, rien n&rsquo;est plus sain que d&rsquo;oublier le m\u00e9tier; et la bicyclette, c&rsquo;est l&rsquo;oubli total, c&rsquo;est la fuite dans la continuelle pr\u00e9occupation de l&rsquo;\u00e9quilibre, m\u00eame devenue inconsciente. Je reviens de mes quinze \u00e0 vingt kilom\u00e8tres totalement rafra\u00eechi, le cerveau comme nettoy\u00e9, remis \u00e0 neuf pour le lendemain.<\/p>\n<p>De la joie, de l&rsquo;hygi\u00e8ne physique et morale, que demander de plus?<\/p>\n<p>Emile Zola<\/p>\n<p><img decoding=\"async\" loading=\"lazy\" src=\"http:\/\/carfree.fr\/img\/2021\/03\/zola.jpg\" alt=\"\" width=\"600\" height=\"387\" class=\"alignnone size-full wp-image-43832\" \/><\/p>\n<p>Source: <a href=\"https:\/\/twitter.com\/nassigny\/status\/1220406358337630208\" rel=\"noopener\" target=\"_blank\">https:\/\/twitter.com\/nassigny\/status\/1220406358337630208<\/a><\/p>\n","protected":false},"excerpt":{"rendered":"<p>\u00c9mile Zola (1840-1902) \u00e9tait un fervent de la bicyclette. Une citation de lui est m\u00eame c\u00e9l\u00e8bre: \u00ab\u00a0J&rsquo;aime la bicyclette pour l&rsquo;oubli qu&rsquo;elle donne. J&rsquo;ai beau marcher, je pense. A bicyclette, <a class=\"more-link\" href=\"https:\/\/carfree.fr\/index.php\/2021\/03\/23\/emile-zola-mes-impressions-de-bicycliste\/\">Lire la suite&#8230;<\/a><\/p>\n","protected":false},"author":1662,"featured_media":43833,"comment_status":"open","ping_status":"closed","sticky":false,"template":"","format":"standard","meta":[],"categories":[4,7],"tags":[646,198,1664],"views":10563,"_links":{"self":[{"href":"https:\/\/carfree.fr\/index.php\/wp-json\/wp\/v2\/posts\/43831"}],"collection":[{"href":"https:\/\/carfree.fr\/index.php\/wp-json\/wp\/v2\/posts"}],"about":[{"href":"https:\/\/carfree.fr\/index.php\/wp-json\/wp\/v2\/types\/post"}],"author":[{"embeddable":true,"href":"https:\/\/carfree.fr\/index.php\/wp-json\/wp\/v2\/users\/1662"}],"replies":[{"embeddable":true,"href":"https:\/\/carfree.fr\/index.php\/wp-json\/wp\/v2\/comments?post=43831"}],"version-history":[{"count":0,"href":"https:\/\/carfree.fr\/index.php\/wp-json\/wp\/v2\/posts\/43831\/revisions"}],"wp:featuredmedia":[{"embeddable":true,"href":"https:\/\/carfree.fr\/index.php\/wp-json\/wp\/v2\/media\/43833"}],"wp:attachment":[{"href":"https:\/\/carfree.fr\/index.php\/wp-json\/wp\/v2\/media?parent=43831"}],"wp:term":[{"taxonomy":"category","embeddable":true,"href":"https:\/\/carfree.fr\/index.php\/wp-json\/wp\/v2\/categories?post=43831"},{"taxonomy":"post_tag","embeddable":true,"href":"https:\/\/carfree.fr\/index.php\/wp-json\/wp\/v2\/tags?post=43831"}],"curies":[{"name":"wp","href":"https:\/\/api.w.org\/{rel}","templated":true}]}}