{"id":43835,"date":"2021-04-21T10:10:58","date_gmt":"2021-04-21T09:10:58","guid":{"rendered":"http:\/\/carfree.fr\/?p=43835"},"modified":"2021-04-21T10:10:58","modified_gmt":"2021-04-21T09:10:58","slug":"ville-contre-automobiles","status":"publish","type":"post","link":"https:\/\/carfree.fr\/index.php\/2021\/04\/21\/ville-contre-automobiles\/","title":{"rendered":"Ville contre automobiles"},"content":{"rendered":"<p>L\u2019automobile a transform\u00e9 radicalement nos villes, au point de s\u2019imposer comme l\u2019\u00e9talon de mesure de la planification urbaine. Architectes et urbanistes ont embrass\u00e9 cette vision de la ville qui m\u00e8ne \u00e0 des espaces pollu\u00e9s, peu s\u00e9curitaires, et dont les infrastructures p\u00e8sent lourd sur le tr\u00e9sor public. Devant l\u2019urgence climatique, Olivier Ducharme veut renverser ce mod\u00e8le pour redonner au pi\u00e9ton la place qui lui revient. Il m\u00e8ne dans ce livre une charge pour sortir de nos villes ces \u00ab\u2009requins d\u2019acier\u2009\u00bb, qu\u2019ils soient \u00e9lectriques ou \u00e0 essence, et remettre la vie de quartier et le transport collectif au centre de l\u2019am\u00e9nagement urbain. Pour se lib\u00e9rer des embouteillages et amorcer la transition \u00e9cologique, nous devons avoir le courage politique de bannir l\u2019auto solo de nos villes. L\u2019automobile est un pi\u00e8ge, il est temps de s\u2019en lib\u00e9rer. <!--more--><\/p>\n<p><strong>Extrait<\/strong><\/p>\n<p>Lorsque l\u2019on marche dans une ville aujourd\u2019hui, partout o\u00f9 l\u2019on regarde, il y a une automobile. Si par chance il n\u2019y en a pas, on retrouve tout de m\u00eame ses traces: des rues asphalt\u00e9es, des signalisations routi\u00e8res et des trottoirs pour rappeler aux pi\u00e9tons leur place dans le paysage urbain. La ville appartient \u00e0 l\u2019automobile. Elle en a pris possession en rasant des quartiers et en \u00e9largissant des rues. Elle est \u00e0 la source d\u2019une importante d\u00e9gradation de la qualit\u00e9 de vie urbaine : nous devons toutes et tous nous accommoder de l\u2019odeur, du bruit et de la dangerosit\u00e9 de ces \u00abrequins mont\u00e9s sur roues \u00bb.<\/p>\n<p>L\u2019arriv\u00e9e des automobiles dans les villes a \u00e9t\u00e9 un \u00e9v\u00e9nement marquant du si\u00e8cle dernier. De toutes les inventions que le vingti\u00e8me si\u00e8cle nous a l\u00e9gu\u00e9es, l\u2019automobile s\u2019av\u00e8re la plus dommageable pour la vie humaine. On pourrait facilement r\u00e9torquer: que fait-on de la bombe atomique? Certes, celle-ci a le pouvoir de supprimer toute vie humaine sur Terre, et le triste destin d\u2019Hiroshima et de Nagasaki est l\u00e0 pour nous en convaincre. La bombe atomique reste cependant une menace \u00abcirconstancielle\u00bb, alors que l\u2019automobile s\u2019est incrust\u00e9e dans le quotidien le plus quotidien et a r\u00e9ussi \u00e0 transformer le mode de vie de l\u2019ensemble de la population.<\/p>\n<p><img decoding=\"async\" loading=\"lazy\" src=\"http:\/\/carfree.fr\/img\/2021\/03\/ville-contre-automobiles.jpg\" alt=\"\" width=\"202\" height=\"306\" class=\"alignnone size-full wp-image-43836\" \/><br \/>\n<a href=\"https:\/\/ecosociete.org\/livres\/ville-contre-automobiles\" rel=\"noopener\" target=\"_blank\">Ville contre automobiles<\/a><br \/>\nRedonner l&rsquo;espace urbain aux pi\u00e9tons<br \/>\nOLIVIER DUCHARME | \u00c9COSOCI\u00c9T\u00c9 COLLECTION POL\u00c9MOS | MARS 2021<\/p>\n","protected":false},"excerpt":{"rendered":"<p>L\u2019automobile a transform\u00e9 radicalement nos villes, au point de s\u2019imposer comme l\u2019\u00e9talon de mesure de la planification urbaine. Architectes et urbanistes ont embrass\u00e9 cette vision de la ville qui m\u00e8ne <a class=\"more-link\" href=\"https:\/\/carfree.fr\/index.php\/2021\/04\/21\/ville-contre-automobiles\/\">Lire la suite&#8230;<\/a><\/p>\n","protected":false},"author":1390,"featured_media":43837,"comment_status":"open","ping_status":"closed","sticky":false,"template":"","format":"standard","meta":[],"categories":[73,17,9],"tags":[1665,101,35,34],"views":8405,"_links":{"self":[{"href":"https:\/\/carfree.fr\/index.php\/wp-json\/wp\/v2\/posts\/43835"}],"collection":[{"href":"https:\/\/carfree.fr\/index.php\/wp-json\/wp\/v2\/posts"}],"about":[{"href":"https:\/\/carfree.fr\/index.php\/wp-json\/wp\/v2\/types\/post"}],"author":[{"embeddable":true,"href":"https:\/\/carfree.fr\/index.php\/wp-json\/wp\/v2\/users\/1390"}],"replies":[{"embeddable":true,"href":"https:\/\/carfree.fr\/index.php\/wp-json\/wp\/v2\/comments?post=43835"}],"version-history":[{"count":0,"href":"https:\/\/carfree.fr\/index.php\/wp-json\/wp\/v2\/posts\/43835\/revisions"}],"wp:featuredmedia":[{"embeddable":true,"href":"https:\/\/carfree.fr\/index.php\/wp-json\/wp\/v2\/media\/43837"}],"wp:attachment":[{"href":"https:\/\/carfree.fr\/index.php\/wp-json\/wp\/v2\/media?parent=43835"}],"wp:term":[{"taxonomy":"category","embeddable":true,"href":"https:\/\/carfree.fr\/index.php\/wp-json\/wp\/v2\/categories?post=43835"},{"taxonomy":"post_tag","embeddable":true,"href":"https:\/\/carfree.fr\/index.php\/wp-json\/wp\/v2\/tags?post=43835"}],"curies":[{"name":"wp","href":"https:\/\/api.w.org\/{rel}","templated":true}]}}